{"id":14451,"date":"2025-03-10T21:13:57","date_gmt":"2025-03-10T20:13:57","guid":{"rendered":"https:\/\/wgphoto.pl\/t\/?p=14451"},"modified":"2025-03-10T21:14:18","modified_gmt":"2025-03-10T20:14:18","slug":"87-metrow","status":"publish","type":"post","link":"https:\/\/wgphoto.pl\/t\/?p=14451","title":{"rendered":"87 metr\u00f3w"},"content":{"rendered":"\n<figure class=\"wp-block-image aligncenter size-full\"><img loading=\"lazy\" decoding=\"async\" width=\"1300\" height=\"861\" src=\"https:\/\/wgphoto.pl\/t\/wp-content\/uploads\/2025\/03\/IMGP9037-1.jpg\" alt=\"\" class=\"wp-image-14453\" srcset=\"https:\/\/wgphoto.pl\/t\/wp-content\/uploads\/2025\/03\/IMGP9037-1.jpg 1300w, https:\/\/wgphoto.pl\/t\/wp-content\/uploads\/2025\/03\/IMGP9037-1-300x199.jpg 300w, https:\/\/wgphoto.pl\/t\/wp-content\/uploads\/2025\/03\/IMGP9037-1-768x509.jpg 768w\" sizes=\"auto, (max-width: 1300px) 100vw, 1300px\" \/><\/figure>\n\n\n\n<div class=\"wp-block-group has-global-padding is-layout-constrained wp-block-group-is-layout-constrained\">\n<p>Skoro ju\u017c w metrze jeste\u015bmy, kilka obrazk\u00f3w z Pragi. Powy\u017csze foto przedstawia zjazd na perony stacji N\u00e1m\u011bst\u00ed M\u00edru, kt\u00f3ry nie by\u0142by mo\u017ce godzien uwagi, gdyby nie jego d\u0142ugo\u015b\u0107 &#8211; 87 metr\u00f3w &#8211; rzekomo najwi\u0119ksza w ca\u0142ej Unii Europejskiej. Zdj\u0119cie niestety nie przedstawia spojrzenia z samego szczytu. 29.12.2014<\/p>\n<\/div>\n","protected":false},"excerpt":{"rendered":"<p>Skoro ju\u017c w metrze jeste\u015bmy, kilka obrazk\u00f3w z Pragi. Powy\u017csze foto przedstawia zjazd na perony stacji N\u00e1m\u011bst\u00ed M\u00edru, kt\u00f3ry nie by\u0142by mo\u017ce godzien uwagi, gdyby nie jego d\u0142ugo\u015b\u0107 &#8211; 87 metr\u00f3w &#8211; rzekomo najwi\u0119ksza w ca\u0142ej Unii Europejskiej. Zdj\u0119cie niestety nie przedstawia spojrzenia z samego szczytu. 29.12.2014<\/p>\n","protected":false},"author":1,"featured_media":14453,"comment_status":"open","ping_status":"","sticky":false,"template":"","format":"standard","meta":{"footnotes":""},"categories":[220,4,48],"tags":[3022,49,2649,52,1505],"class_list":["post-14451","post","type-post","status-publish","format-standard","has-post-thumbnail","hentry","category-blo","category-metro","category-rok-2014","tag-2014-12-29","tag-czechy","tag-metro-praha","tag-praga","tag-stacje-praskiego-metra"],"_links":{"self":[{"href":"https:\/\/wgphoto.pl\/t\/index.php?rest_route=\/wp\/v2\/posts\/14451","targetHints":{"allow":["GET"]}}],"collection":[{"href":"https:\/\/wgphoto.pl\/t\/index.php?rest_route=\/wp\/v2\/posts"}],"about":[{"href":"https:\/\/wgphoto.pl\/t\/index.php?rest_route=\/wp\/v2\/types\/post"}],"author":[{"embeddable":true,"href":"https:\/\/wgphoto.pl\/t\/index.php?rest_route=\/wp\/v2\/users\/1"}],"replies":[{"embeddable":true,"href":"https:\/\/wgphoto.pl\/t\/index.php?rest_route=%2Fwp%2Fv2%2Fcomments&post=14451"}],"version-history":[{"count":1,"href":"https:\/\/wgphoto.pl\/t\/index.php?rest_route=\/wp\/v2\/posts\/14451\/revisions"}],"predecessor-version":[{"id":14454,"href":"https:\/\/wgphoto.pl\/t\/index.php?rest_route=\/wp\/v2\/posts\/14451\/revisions\/14454"}],"wp:featuredmedia":[{"embeddable":true,"href":"https:\/\/wgphoto.pl\/t\/index.php?rest_route=\/wp\/v2\/media\/14453"}],"wp:attachment":[{"href":"https:\/\/wgphoto.pl\/t\/index.php?rest_route=%2Fwp%2Fv2%2Fmedia&parent=14451"}],"wp:term":[{"taxonomy":"category","embeddable":true,"href":"https:\/\/wgphoto.pl\/t\/index.php?rest_route=%2Fwp%2Fv2%2Fcategories&post=14451"},{"taxonomy":"post_tag","embeddable":true,"href":"https:\/\/wgphoto.pl\/t\/index.php?rest_route=%2Fwp%2Fv2%2Ftags&post=14451"}],"curies":[{"name":"wp","href":"https:\/\/api.w.org\/{rel}","templated":true}]}}