{"id":14455,"date":"2025-03-10T21:15:42","date_gmt":"2025-03-10T20:15:42","guid":{"rendered":"https:\/\/wgphoto.pl\/t\/?p=14455"},"modified":"2025-03-10T21:15:42","modified_gmt":"2025-03-10T20:15:42","slug":"zelivskeho","status":"publish","type":"post","link":"https:\/\/wgphoto.pl\/t\/?p=14455","title":{"rendered":"\u017delivsk\u00e9ho"},"content":{"rendered":"\n<figure class=\"wp-block-image aligncenter size-full\"><img loading=\"lazy\" decoding=\"async\" width=\"1200\" height=\"800\" src=\"https:\/\/wgphoto.pl\/t\/wp-content\/uploads\/2025\/03\/IMGP9040.jpg\" alt=\"\" class=\"wp-image-14456\" srcset=\"https:\/\/wgphoto.pl\/t\/wp-content\/uploads\/2025\/03\/IMGP9040.jpg 1200w, https:\/\/wgphoto.pl\/t\/wp-content\/uploads\/2025\/03\/IMGP9040-300x200.jpg 300w, https:\/\/wgphoto.pl\/t\/wp-content\/uploads\/2025\/03\/IMGP9040-768x512.jpg 768w\" sizes=\"auto, (max-width: 1200px) 100vw, 1200px\" \/><\/figure>\n\n\n\n<div class=\"wp-block-group has-global-padding is-layout-constrained wp-block-group-is-layout-constrained\">\n<p>Tunele na stacji \u017delivsk\u00e9ho prezentuj\u0105 si\u0119 jednakowo od 1980 roku, kiedy zosta\u0142y otwarte, do dzi\u015b, z wyj\u0105tkiem element\u00f3w informacji pasa\u017cerskiej, reprezentowanych w tym kadrze przez gablot\u0119 na rozk\u0142ady jazdy i komunikaty oraz tablic\u0119 z tras\u0105 przebiegu linii. 29.12.2014<\/p>\n<\/div>\n","protected":false},"excerpt":{"rendered":"<p>Tunele na stacji \u017delivsk\u00e9ho prezentuj\u0105 si\u0119 jednakowo od 1980 roku, kiedy zosta\u0142y otwarte, do dzi\u015b, z wyj\u0105tkiem element\u00f3w informacji pasa\u017cerskiej, reprezentowanych w tym kadrze przez gablot\u0119 na rozk\u0142ady jazdy i komunikaty oraz tablic\u0119 z tras\u0105 przebiegu linii. 29.12.2014<\/p>\n","protected":false},"author":1,"featured_media":14456,"comment_status":"open","ping_status":"","sticky":false,"template":"","format":"standard","meta":{"footnotes":""},"categories":[220,4],"tags":[3022,49,2649,52,1505],"class_list":["post-14455","post","type-post","status-publish","format-standard","has-post-thumbnail","hentry","category-blo","category-metro","tag-2014-12-29","tag-czechy","tag-metro-praha","tag-praga","tag-stacje-praskiego-metra"],"_links":{"self":[{"href":"https:\/\/wgphoto.pl\/t\/index.php?rest_route=\/wp\/v2\/posts\/14455","targetHints":{"allow":["GET"]}}],"collection":[{"href":"https:\/\/wgphoto.pl\/t\/index.php?rest_route=\/wp\/v2\/posts"}],"about":[{"href":"https:\/\/wgphoto.pl\/t\/index.php?rest_route=\/wp\/v2\/types\/post"}],"author":[{"embeddable":true,"href":"https:\/\/wgphoto.pl\/t\/index.php?rest_route=\/wp\/v2\/users\/1"}],"replies":[{"embeddable":true,"href":"https:\/\/wgphoto.pl\/t\/index.php?rest_route=%2Fwp%2Fv2%2Fcomments&post=14455"}],"version-history":[{"count":1,"href":"https:\/\/wgphoto.pl\/t\/index.php?rest_route=\/wp\/v2\/posts\/14455\/revisions"}],"predecessor-version":[{"id":14457,"href":"https:\/\/wgphoto.pl\/t\/index.php?rest_route=\/wp\/v2\/posts\/14455\/revisions\/14457"}],"wp:featuredmedia":[{"embeddable":true,"href":"https:\/\/wgphoto.pl\/t\/index.php?rest_route=\/wp\/v2\/media\/14456"}],"wp:attachment":[{"href":"https:\/\/wgphoto.pl\/t\/index.php?rest_route=%2Fwp%2Fv2%2Fmedia&parent=14455"}],"wp:term":[{"taxonomy":"category","embeddable":true,"href":"https:\/\/wgphoto.pl\/t\/index.php?rest_route=%2Fwp%2Fv2%2Fcategories&post=14455"},{"taxonomy":"post_tag","embeddable":true,"href":"https:\/\/wgphoto.pl\/t\/index.php?rest_route=%2Fwp%2Fv2%2Ftags&post=14455"}],"curies":[{"name":"wp","href":"https:\/\/api.w.org\/{rel}","templated":true}]}}