{"id":14458,"date":"2025-03-10T21:16:38","date_gmt":"2025-03-10T20:16:38","guid":{"rendered":"https:\/\/wgphoto.pl\/t\/?p=14458"},"modified":"2025-03-10T21:16:38","modified_gmt":"2025-03-10T20:16:38","slug":"w-kolorze-kapuczino","status":"publish","type":"post","link":"https:\/\/wgphoto.pl\/t\/?p=14458","title":{"rendered":"W kolorze kapuczino"},"content":{"rendered":"\n<figure class=\"wp-block-image aligncenter size-full\"><img loading=\"lazy\" decoding=\"async\" width=\"1200\" height=\"800\" src=\"https:\/\/wgphoto.pl\/t\/wp-content\/uploads\/2025\/03\/IMGP9041-1.jpg\" alt=\"\" class=\"wp-image-14460\" srcset=\"https:\/\/wgphoto.pl\/t\/wp-content\/uploads\/2025\/03\/IMGP9041-1.jpg 1200w, https:\/\/wgphoto.pl\/t\/wp-content\/uploads\/2025\/03\/IMGP9041-1-300x200.jpg 300w, https:\/\/wgphoto.pl\/t\/wp-content\/uploads\/2025\/03\/IMGP9041-1-768x512.jpg 768w\" sizes=\"auto, (max-width: 1200px) 100vw, 1200px\" \/><\/figure>\n\n\n\n<div class=\"wp-block-group has-global-padding is-layout-constrained wp-block-group-is-layout-constrained\">\n<p>&#8222;Klatka schodowa&#8221; na stacji \u017delivsk\u00e9ho, kt\u00f3rej ju\u017c sam kolor do najpi\u0119kniejszych nie nale\u017cy, zaczyna si\u0119 prezentowa\u0107 atrakcyjnie dopiero po rozmyciu niekt\u00f3rych szczeg\u00f3\u0142\u00f3w. We\u017amy takie o\u015bwietlenie &#8211; zwyczajne <a href=\"http:\/\/upload.wikimedia.org\/wikipedia\/commons\/7\/74\/Praha,_Vinohrady,_stanice_metra_%C5%BDelivsk%C3%A9ho_II.JPG\" target=\"_BLANK\" rel=\"noreferrer noopener\">\u015bwietl\u00f3wki poprzedzielane bia\u0142ymi deskami<\/a>, kt\u00f3re na d\u0142u\u017cszym czasie na\u015bwietlania wygl\u0105daj\u0105 zupe\u0142nie inaczej. 29.12.2014<\/p>\n<\/div>\n","protected":false},"excerpt":{"rendered":"<p>&#8222;Klatka schodowa&#8221; na stacji \u017delivsk\u00e9ho, kt\u00f3rej ju\u017c sam kolor do najpi\u0119kniejszych nie nale\u017cy, zaczyna si\u0119 prezentowa\u0107 atrakcyjnie dopiero po rozmyciu niekt\u00f3rych szczeg\u00f3\u0142\u00f3w. We\u017amy takie o\u015bwietlenie &#8211; zwyczajne \u015bwietl\u00f3wki poprzedzielane bia\u0142ymi deskami, kt\u00f3re na d\u0142u\u017cszym czasie na\u015bwietlania wygl\u0105daj\u0105 zupe\u0142nie inaczej. 29.12.2014<\/p>\n","protected":false},"author":1,"featured_media":14460,"comment_status":"open","ping_status":"","sticky":false,"template":"","format":"standard","meta":{"footnotes":""},"categories":[220,4,48],"tags":[3022,49,2649,52,1505],"class_list":["post-14458","post","type-post","status-publish","format-standard","has-post-thumbnail","hentry","category-blo","category-metro","category-rok-2014","tag-2014-12-29","tag-czechy","tag-metro-praha","tag-praga","tag-stacje-praskiego-metra"],"_links":{"self":[{"href":"https:\/\/wgphoto.pl\/t\/index.php?rest_route=\/wp\/v2\/posts\/14458","targetHints":{"allow":["GET"]}}],"collection":[{"href":"https:\/\/wgphoto.pl\/t\/index.php?rest_route=\/wp\/v2\/posts"}],"about":[{"href":"https:\/\/wgphoto.pl\/t\/index.php?rest_route=\/wp\/v2\/types\/post"}],"author":[{"embeddable":true,"href":"https:\/\/wgphoto.pl\/t\/index.php?rest_route=\/wp\/v2\/users\/1"}],"replies":[{"embeddable":true,"href":"https:\/\/wgphoto.pl\/t\/index.php?rest_route=%2Fwp%2Fv2%2Fcomments&post=14458"}],"version-history":[{"count":1,"href":"https:\/\/wgphoto.pl\/t\/index.php?rest_route=\/wp\/v2\/posts\/14458\/revisions"}],"predecessor-version":[{"id":14461,"href":"https:\/\/wgphoto.pl\/t\/index.php?rest_route=\/wp\/v2\/posts\/14458\/revisions\/14461"}],"wp:featuredmedia":[{"embeddable":true,"href":"https:\/\/wgphoto.pl\/t\/index.php?rest_route=\/wp\/v2\/media\/14460"}],"wp:attachment":[{"href":"https:\/\/wgphoto.pl\/t\/index.php?rest_route=%2Fwp%2Fv2%2Fmedia&parent=14458"}],"wp:term":[{"taxonomy":"category","embeddable":true,"href":"https:\/\/wgphoto.pl\/t\/index.php?rest_route=%2Fwp%2Fv2%2Fcategories&post=14458"},{"taxonomy":"post_tag","embeddable":true,"href":"https:\/\/wgphoto.pl\/t\/index.php?rest_route=%2Fwp%2Fv2%2Ftags&post=14458"}],"curies":[{"name":"wp","href":"https:\/\/api.w.org\/{rel}","templated":true}]}}