{"id":14462,"date":"2025-03-10T21:17:51","date_gmt":"2025-03-10T20:17:51","guid":{"rendered":"https:\/\/wgphoto.pl\/t\/?p=14462"},"modified":"2025-03-10T21:17:51","modified_gmt":"2025-03-10T20:17:51","slug":"idealne-swiatlo","status":"publish","type":"post","link":"https:\/\/wgphoto.pl\/t\/?p=14462","title":{"rendered":"Idealne \u015bwiat\u0142o"},"content":{"rendered":"\n<figure class=\"wp-block-image aligncenter size-full\"><img loading=\"lazy\" decoding=\"async\" width=\"1200\" height=\"800\" src=\"https:\/\/wgphoto.pl\/t\/wp-content\/uploads\/2025\/03\/IMGP6922.jpg\" alt=\"\" class=\"wp-image-14463\" srcset=\"https:\/\/wgphoto.pl\/t\/wp-content\/uploads\/2025\/03\/IMGP6922.jpg 1200w, https:\/\/wgphoto.pl\/t\/wp-content\/uploads\/2025\/03\/IMGP6922-300x200.jpg 300w, https:\/\/wgphoto.pl\/t\/wp-content\/uploads\/2025\/03\/IMGP6922-768x512.jpg 768w\" sizes=\"auto, (max-width: 1200px) 100vw, 1200px\" \/><\/figure>\n\n\n\n<div class=\"wp-block-group has-global-padding is-layout-constrained wp-block-group-is-layout-constrained\">\n<p>Innsbruck, Conradstra\u00dfe. Znajdujemy si\u0119 na wysoko\u015bci rz\u0119du 600 m n.p.m., a w tle wyrastaj\u0105 skromne g\u00f3rki po ponad 2000 m n.p.m., wi\u0119c by\u0142em nawet zadowolony \u017ce na niebie zawis\u0142y tego poranka niskie chmury. Nie tylko u\u0142atwi\u0142y mi \u0142adne domkni\u0119cie g\u00f3rnej cz\u0119\u015bci kadru, ale te\u017c stworzy\u0142y idealne, rozproszone \u015bwiat\u0142o do fotografowania mi\u0119dzy kamienicami &#8211; taka nieko\u0144cz\u0105ca si\u0119 &#8222;z\u0142ota godzina&#8221;. 19.08.2014<\/p>\n<\/div>\n","protected":false},"excerpt":{"rendered":"<p>Innsbruck, Conradstra\u00dfe. Znajdujemy si\u0119 na wysoko\u015bci rz\u0119du 600 m n.p.m., a w tle wyrastaj\u0105 skromne g\u00f3rki po ponad 2000 m n.p.m., wi\u0119c by\u0142em nawet zadowolony \u017ce na niebie zawis\u0142y tego poranka niskie chmury. Nie tylko u\u0142atwi\u0142y mi \u0142adne domkni\u0119cie g\u00f3rnej cz\u0119\u015bci kadru, ale te\u017c stworzy\u0142y idealne, rozproszone \u015bwiat\u0142o do fotografowania mi\u0119dzy kamienicami &#8211; taka nieko\u0144cz\u0105ca [&hellip;]<\/p>\n","protected":false},"author":1,"featured_media":14463,"comment_status":"open","ping_status":"","sticky":false,"template":"","format":"standard","meta":{"footnotes":""},"categories":[48,3],"tags":[1397,9,185,241,242],"class_list":["post-14462","post","type-post","status-publish","format-standard","has-post-thumbnail","hentry","category-rok-2014","category-tramwaj","tag-2014-08-19","tag-austria","tag-cityrunner","tag-innsbruck","tag-ivb-innsbruck"],"_links":{"self":[{"href":"https:\/\/wgphoto.pl\/t\/index.php?rest_route=\/wp\/v2\/posts\/14462","targetHints":{"allow":["GET"]}}],"collection":[{"href":"https:\/\/wgphoto.pl\/t\/index.php?rest_route=\/wp\/v2\/posts"}],"about":[{"href":"https:\/\/wgphoto.pl\/t\/index.php?rest_route=\/wp\/v2\/types\/post"}],"author":[{"embeddable":true,"href":"https:\/\/wgphoto.pl\/t\/index.php?rest_route=\/wp\/v2\/users\/1"}],"replies":[{"embeddable":true,"href":"https:\/\/wgphoto.pl\/t\/index.php?rest_route=%2Fwp%2Fv2%2Fcomments&post=14462"}],"version-history":[{"count":1,"href":"https:\/\/wgphoto.pl\/t\/index.php?rest_route=\/wp\/v2\/posts\/14462\/revisions"}],"predecessor-version":[{"id":14464,"href":"https:\/\/wgphoto.pl\/t\/index.php?rest_route=\/wp\/v2\/posts\/14462\/revisions\/14464"}],"wp:featuredmedia":[{"embeddable":true,"href":"https:\/\/wgphoto.pl\/t\/index.php?rest_route=\/wp\/v2\/media\/14463"}],"wp:attachment":[{"href":"https:\/\/wgphoto.pl\/t\/index.php?rest_route=%2Fwp%2Fv2%2Fmedia&parent=14462"}],"wp:term":[{"taxonomy":"category","embeddable":true,"href":"https:\/\/wgphoto.pl\/t\/index.php?rest_route=%2Fwp%2Fv2%2Fcategories&post=14462"},{"taxonomy":"post_tag","embeddable":true,"href":"https:\/\/wgphoto.pl\/t\/index.php?rest_route=%2Fwp%2Fv2%2Ftags&post=14462"}],"curies":[{"name":"wp","href":"https:\/\/api.w.org\/{rel}","templated":true}]}}