{"id":14465,"date":"2025-03-10T21:18:37","date_gmt":"2025-03-10T20:18:37","guid":{"rendered":"https:\/\/wgphoto.pl\/t\/?p=14465"},"modified":"2025-03-10T21:18:37","modified_gmt":"2025-03-10T20:18:37","slug":"kosz-ostatniej-szansy","status":"publish","type":"post","link":"https:\/\/wgphoto.pl\/t\/?p=14465","title":{"rendered":"Kosz ostatniej szansy"},"content":{"rendered":"\n<figure class=\"wp-block-image aligncenter size-full\"><img loading=\"lazy\" decoding=\"async\" width=\"1200\" height=\"800\" src=\"https:\/\/wgphoto.pl\/t\/wp-content\/uploads\/2025\/03\/IMGP6852.jpg\" alt=\"\" class=\"wp-image-14466\" srcset=\"https:\/\/wgphoto.pl\/t\/wp-content\/uploads\/2025\/03\/IMGP6852.jpg 1200w, https:\/\/wgphoto.pl\/t\/wp-content\/uploads\/2025\/03\/IMGP6852-300x200.jpg 300w, https:\/\/wgphoto.pl\/t\/wp-content\/uploads\/2025\/03\/IMGP6852-768x512.jpg 768w\" sizes=\"auto, (max-width: 1200px) 100vw, 1200px\" \/><\/figure>\n\n\n\n<div class=\"wp-block-group has-global-padding is-layout-constrained wp-block-group-is-layout-constrained\">\n<p>Porto, Rua Nova da Alf\u00e2ndega. Tramwaj linii turystycznej kieruje si\u0119 na zach\u00f3d. Niekt\u00f3re wagony wyposa\u017cono w dodatkowy szczeg\u00f3\u0142 stylizuj\u0105cy w postaci &#8222;kosza ostatniej szansy&#8221;. W razie niebezpiecze\u0144stwa motorniczy mo\u017ce zwolni\u0107 sk\u00f3rzany pasek, powoduj\u0105c opuszczenie kosza na torowisko i zapobiegaj\u0105c dostaniu si\u0119 pieszego pod wagon. 03.09.2010<\/p>\n<\/div>\n","protected":false},"excerpt":{"rendered":"<p>Porto, Rua Nova da Alf\u00e2ndega. Tramwaj linii turystycznej kieruje si\u0119 na zach\u00f3d. Niekt\u00f3re wagony wyposa\u017cono w dodatkowy szczeg\u00f3\u0142 stylizuj\u0105cy w postaci &#8222;kosza ostatniej szansy&#8221;. W razie niebezpiecze\u0144stwa motorniczy mo\u017ce zwolni\u0107 sk\u00f3rzany pasek, powoduj\u0105c opuszczenie kosza na torowisko i zapobiegaj\u0105c dostaniu si\u0119 pieszego pod wagon. 03.09.2010<\/p>\n","protected":false},"author":1,"featured_media":14466,"comment_status":"open","ping_status":"","sticky":false,"template":"","format":"standard","meta":{"footnotes":""},"categories":[86,3],"tags":[1200,1197,503,297,1196],"class_list":["post-14465","post","type-post","status-publish","format-standard","has-post-thumbnail","hentry","category-rok-2010","category-tramwaj","tag-2010-09-03","tag-brill-28","tag-porto","tag-portugalia","tag-stcp-porto"],"_links":{"self":[{"href":"https:\/\/wgphoto.pl\/t\/index.php?rest_route=\/wp\/v2\/posts\/14465","targetHints":{"allow":["GET"]}}],"collection":[{"href":"https:\/\/wgphoto.pl\/t\/index.php?rest_route=\/wp\/v2\/posts"}],"about":[{"href":"https:\/\/wgphoto.pl\/t\/index.php?rest_route=\/wp\/v2\/types\/post"}],"author":[{"embeddable":true,"href":"https:\/\/wgphoto.pl\/t\/index.php?rest_route=\/wp\/v2\/users\/1"}],"replies":[{"embeddable":true,"href":"https:\/\/wgphoto.pl\/t\/index.php?rest_route=%2Fwp%2Fv2%2Fcomments&post=14465"}],"version-history":[{"count":1,"href":"https:\/\/wgphoto.pl\/t\/index.php?rest_route=\/wp\/v2\/posts\/14465\/revisions"}],"predecessor-version":[{"id":14467,"href":"https:\/\/wgphoto.pl\/t\/index.php?rest_route=\/wp\/v2\/posts\/14465\/revisions\/14467"}],"wp:featuredmedia":[{"embeddable":true,"href":"https:\/\/wgphoto.pl\/t\/index.php?rest_route=\/wp\/v2\/media\/14466"}],"wp:attachment":[{"href":"https:\/\/wgphoto.pl\/t\/index.php?rest_route=%2Fwp%2Fv2%2Fmedia&parent=14465"}],"wp:term":[{"taxonomy":"category","embeddable":true,"href":"https:\/\/wgphoto.pl\/t\/index.php?rest_route=%2Fwp%2Fv2%2Fcategories&post=14465"},{"taxonomy":"post_tag","embeddable":true,"href":"https:\/\/wgphoto.pl\/t\/index.php?rest_route=%2Fwp%2Fv2%2Ftags&post=14465"}],"curies":[{"name":"wp","href":"https:\/\/api.w.org\/{rel}","templated":true}]}}