{"id":1448,"date":"2024-10-03T22:25:32","date_gmt":"2024-10-03T20:25:32","guid":{"rendered":"https:\/\/wgphoto.pl\/t\/?p=1448"},"modified":"2024-10-03T22:25:32","modified_gmt":"2024-10-03T20:25:32","slug":"su45-202","status":"publish","type":"post","link":"https:\/\/wgphoto.pl\/t\/?p=1448","title":{"rendered":"SU45-202"},"content":{"rendered":"\n<figure class=\"wp-block-image aligncenter size-full\"><img loading=\"lazy\" decoding=\"async\" width=\"1200\" height=\"800\" src=\"https:\/\/wgphoto.pl\/t\/wp-content\/uploads\/2024\/10\/0721-12.jpg\" alt=\"\" class=\"wp-image-1449\" srcset=\"https:\/\/wgphoto.pl\/t\/wp-content\/uploads\/2024\/10\/0721-12.jpg 1200w, https:\/\/wgphoto.pl\/t\/wp-content\/uploads\/2024\/10\/0721-12-300x200.jpg 300w, https:\/\/wgphoto.pl\/t\/wp-content\/uploads\/2024\/10\/0721-12-768x512.jpg 768w\" sizes=\"auto, (max-width: 1200px) 100vw, 1200px\" \/><\/figure>\n\n\n\n<div class=\"wp-block-group has-global-padding is-layout-constrained wp-block-group-is-layout-constrained\">\n<p>Objazdowy EC &#8222;Wawel&#8221; relacji Hamburg Altona &#8211; Krak\u00f3w G\u0142\u00f3wny mija przystanek w Bel\u0119cinie Wielkopolskim. 14.08.2007<\/p>\n<\/div>\n","protected":false},"excerpt":{"rendered":"<p>Objazdowy EC &#8222;Wawel&#8221; relacji Hamburg Altona &#8211; Krak\u00f3w G\u0142\u00f3wny mija przystanek w Bel\u0119cinie Wielkopolskim. 14.08.2007<\/p>\n","protected":false},"author":1,"featured_media":1449,"comment_status":"open","ping_status":"","sticky":false,"template":"","format":"standard","meta":{"footnotes":""},"categories":[62,2,96],"tags":[722,720,63,27,290,721],"class_list":["post-1448","post","type-post","status-publish","format-standard","has-post-thumbnail","hentry","category-analog","category-kolej","category-rok-2007","tag-2007-08-14","tag-belecin-wielkopolski","tag-pkp","tag-polska","tag-su45","tag-tab-pl328"],"_links":{"self":[{"href":"https:\/\/wgphoto.pl\/t\/index.php?rest_route=\/wp\/v2\/posts\/1448","targetHints":{"allow":["GET"]}}],"collection":[{"href":"https:\/\/wgphoto.pl\/t\/index.php?rest_route=\/wp\/v2\/posts"}],"about":[{"href":"https:\/\/wgphoto.pl\/t\/index.php?rest_route=\/wp\/v2\/types\/post"}],"author":[{"embeddable":true,"href":"https:\/\/wgphoto.pl\/t\/index.php?rest_route=\/wp\/v2\/users\/1"}],"replies":[{"embeddable":true,"href":"https:\/\/wgphoto.pl\/t\/index.php?rest_route=%2Fwp%2Fv2%2Fcomments&post=1448"}],"version-history":[{"count":1,"href":"https:\/\/wgphoto.pl\/t\/index.php?rest_route=\/wp\/v2\/posts\/1448\/revisions"}],"predecessor-version":[{"id":1450,"href":"https:\/\/wgphoto.pl\/t\/index.php?rest_route=\/wp\/v2\/posts\/1448\/revisions\/1450"}],"wp:featuredmedia":[{"embeddable":true,"href":"https:\/\/wgphoto.pl\/t\/index.php?rest_route=\/wp\/v2\/media\/1449"}],"wp:attachment":[{"href":"https:\/\/wgphoto.pl\/t\/index.php?rest_route=%2Fwp%2Fv2%2Fmedia&parent=1448"}],"wp:term":[{"taxonomy":"category","embeddable":true,"href":"https:\/\/wgphoto.pl\/t\/index.php?rest_route=%2Fwp%2Fv2%2Fcategories&post=1448"},{"taxonomy":"post_tag","embeddable":true,"href":"https:\/\/wgphoto.pl\/t\/index.php?rest_route=%2Fwp%2Fv2%2Ftags&post=1448"}],"curies":[{"name":"wp","href":"https:\/\/api.w.org\/{rel}","templated":true}]}}