{"id":14483,"date":"2025-03-10T21:24:23","date_gmt":"2025-03-10T20:24:23","guid":{"rendered":"https:\/\/wgphoto.pl\/t\/?p=14483"},"modified":"2025-03-10T21:24:23","modified_gmt":"2025-03-10T20:24:23","slug":"z-przodu","status":"publish","type":"post","link":"https:\/\/wgphoto.pl\/t\/?p=14483","title":{"rendered":"Z przodu"},"content":{"rendered":"\n<figure class=\"wp-block-image aligncenter size-full\"><img loading=\"lazy\" decoding=\"async\" width=\"1200\" height=\"795\" src=\"https:\/\/wgphoto.pl\/t\/wp-content\/uploads\/2025\/03\/IMGP6889.jpg\" alt=\"\" class=\"wp-image-14484\" srcset=\"https:\/\/wgphoto.pl\/t\/wp-content\/uploads\/2025\/03\/IMGP6889.jpg 1200w, https:\/\/wgphoto.pl\/t\/wp-content\/uploads\/2025\/03\/IMGP6889-300x199.jpg 300w, https:\/\/wgphoto.pl\/t\/wp-content\/uploads\/2025\/03\/IMGP6889-768x509.jpg 768w\" sizes=\"auto, (max-width: 1200px) 100vw, 1200px\" \/><\/figure>\n\n\n\n<div class=\"wp-block-group has-global-padding is-layout-constrained wp-block-group-is-layout-constrained\">\n<p>Innsbruck, Andreas-Hofer-Stra\u00dfe. Kamienice i \u015bciana g\u00f3r to typowy widok dla tutejszego \u015br\u00f3dmie\u015bcia, nadaj\u0105cy si\u0119 do fotografowania raczej tylko w porze z\u0142otej godziny. 18.08.2014<\/p>\n<\/div>\n","protected":false},"excerpt":{"rendered":"<p>Innsbruck, Andreas-Hofer-Stra\u00dfe. Kamienice i \u015bciana g\u00f3r to typowy widok dla tutejszego \u015br\u00f3dmie\u015bcia, nadaj\u0105cy si\u0119 do fotografowania raczej tylko w porze z\u0142otej godziny. 18.08.2014<\/p>\n","protected":false},"author":1,"featured_media":14484,"comment_status":"open","ping_status":"","sticky":false,"template":"","format":"standard","meta":{"footnotes":""},"categories":[48,3],"tags":[243,34,9,185,241,242],"class_list":["post-14483","post","type-post","status-publish","format-standard","has-post-thumbnail","hentry","category-rok-2014","category-tramwaj","tag-2014-08-18","tag-architektura","tag-austria","tag-cityrunner","tag-innsbruck","tag-ivb-innsbruck"],"_links":{"self":[{"href":"https:\/\/wgphoto.pl\/t\/index.php?rest_route=\/wp\/v2\/posts\/14483","targetHints":{"allow":["GET"]}}],"collection":[{"href":"https:\/\/wgphoto.pl\/t\/index.php?rest_route=\/wp\/v2\/posts"}],"about":[{"href":"https:\/\/wgphoto.pl\/t\/index.php?rest_route=\/wp\/v2\/types\/post"}],"author":[{"embeddable":true,"href":"https:\/\/wgphoto.pl\/t\/index.php?rest_route=\/wp\/v2\/users\/1"}],"replies":[{"embeddable":true,"href":"https:\/\/wgphoto.pl\/t\/index.php?rest_route=%2Fwp%2Fv2%2Fcomments&post=14483"}],"version-history":[{"count":1,"href":"https:\/\/wgphoto.pl\/t\/index.php?rest_route=\/wp\/v2\/posts\/14483\/revisions"}],"predecessor-version":[{"id":14485,"href":"https:\/\/wgphoto.pl\/t\/index.php?rest_route=\/wp\/v2\/posts\/14483\/revisions\/14485"}],"wp:featuredmedia":[{"embeddable":true,"href":"https:\/\/wgphoto.pl\/t\/index.php?rest_route=\/wp\/v2\/media\/14484"}],"wp:attachment":[{"href":"https:\/\/wgphoto.pl\/t\/index.php?rest_route=%2Fwp%2Fv2%2Fmedia&parent=14483"}],"wp:term":[{"taxonomy":"category","embeddable":true,"href":"https:\/\/wgphoto.pl\/t\/index.php?rest_route=%2Fwp%2Fv2%2Fcategories&post=14483"},{"taxonomy":"post_tag","embeddable":true,"href":"https:\/\/wgphoto.pl\/t\/index.php?rest_route=%2Fwp%2Fv2%2Ftags&post=14483"}],"curies":[{"name":"wp","href":"https:\/\/api.w.org\/{rel}","templated":true}]}}