{"id":14486,"date":"2025-03-10T21:25:07","date_gmt":"2025-03-10T20:25:07","guid":{"rendered":"https:\/\/wgphoto.pl\/t\/?p=14486"},"modified":"2025-03-10T21:25:07","modified_gmt":"2025-03-10T20:25:07","slug":"z-tylu","status":"publish","type":"post","link":"https:\/\/wgphoto.pl\/t\/?p=14486","title":{"rendered":"Z ty\u0142u"},"content":{"rendered":"\n<figure class=\"wp-block-image aligncenter size-full\"><img loading=\"lazy\" decoding=\"async\" width=\"1200\" height=\"795\" src=\"https:\/\/wgphoto.pl\/t\/wp-content\/uploads\/2025\/03\/IMGP6892.jpg\" alt=\"\" class=\"wp-image-14487\" srcset=\"https:\/\/wgphoto.pl\/t\/wp-content\/uploads\/2025\/03\/IMGP6892.jpg 1200w, https:\/\/wgphoto.pl\/t\/wp-content\/uploads\/2025\/03\/IMGP6892-300x199.jpg 300w, https:\/\/wgphoto.pl\/t\/wp-content\/uploads\/2025\/03\/IMGP6892-768x509.jpg 768w\" sizes=\"auto, (max-width: 1200px) 100vw, 1200px\" \/><\/figure>\n\n\n\n<div class=\"wp-block-group has-global-padding is-layout-constrained wp-block-group-is-layout-constrained\">\n<p>Tramwaj z poprzedniego zdj\u0119cia mija budynek dworca zachodniego. P\u00f3\u017aniejsze uj\u0119cie nie powsta\u0142o z powodu auta odbijaj\u0105cego si\u0119 w tylnym zderzaku Cityrunnera. 18.08.2014<\/p>\n<\/div>\n","protected":false},"excerpt":{"rendered":"<p>Tramwaj z poprzedniego zdj\u0119cia mija budynek dworca zachodniego. P\u00f3\u017aniejsze uj\u0119cie nie powsta\u0142o z powodu auta odbijaj\u0105cego si\u0119 w tylnym zderzaku Cityrunnera. 18.08.2014<\/p>\n","protected":false},"author":1,"featured_media":14487,"comment_status":"open","ping_status":"","sticky":false,"template":"","format":"standard","meta":{"footnotes":""},"categories":[48,3],"tags":[243,34,9,185,241,242],"class_list":["post-14486","post","type-post","status-publish","format-standard","has-post-thumbnail","hentry","category-rok-2014","category-tramwaj","tag-2014-08-18","tag-architektura","tag-austria","tag-cityrunner","tag-innsbruck","tag-ivb-innsbruck"],"_links":{"self":[{"href":"https:\/\/wgphoto.pl\/t\/index.php?rest_route=\/wp\/v2\/posts\/14486","targetHints":{"allow":["GET"]}}],"collection":[{"href":"https:\/\/wgphoto.pl\/t\/index.php?rest_route=\/wp\/v2\/posts"}],"about":[{"href":"https:\/\/wgphoto.pl\/t\/index.php?rest_route=\/wp\/v2\/types\/post"}],"author":[{"embeddable":true,"href":"https:\/\/wgphoto.pl\/t\/index.php?rest_route=\/wp\/v2\/users\/1"}],"replies":[{"embeddable":true,"href":"https:\/\/wgphoto.pl\/t\/index.php?rest_route=%2Fwp%2Fv2%2Fcomments&post=14486"}],"version-history":[{"count":1,"href":"https:\/\/wgphoto.pl\/t\/index.php?rest_route=\/wp\/v2\/posts\/14486\/revisions"}],"predecessor-version":[{"id":14488,"href":"https:\/\/wgphoto.pl\/t\/index.php?rest_route=\/wp\/v2\/posts\/14486\/revisions\/14488"}],"wp:featuredmedia":[{"embeddable":true,"href":"https:\/\/wgphoto.pl\/t\/index.php?rest_route=\/wp\/v2\/media\/14487"}],"wp:attachment":[{"href":"https:\/\/wgphoto.pl\/t\/index.php?rest_route=%2Fwp%2Fv2%2Fmedia&parent=14486"}],"wp:term":[{"taxonomy":"category","embeddable":true,"href":"https:\/\/wgphoto.pl\/t\/index.php?rest_route=%2Fwp%2Fv2%2Fcategories&post=14486"},{"taxonomy":"post_tag","embeddable":true,"href":"https:\/\/wgphoto.pl\/t\/index.php?rest_route=%2Fwp%2Fv2%2Ftags&post=14486"}],"curies":[{"name":"wp","href":"https:\/\/api.w.org\/{rel}","templated":true}]}}