{"id":14489,"date":"2025-03-10T21:25:56","date_gmt":"2025-03-10T20:25:56","guid":{"rendered":"https:\/\/wgphoto.pl\/t\/?p=14489"},"modified":"2025-03-10T21:25:56","modified_gmt":"2025-03-10T20:25:56","slug":"pradl","status":"publish","type":"post","link":"https:\/\/wgphoto.pl\/t\/?p=14489","title":{"rendered":"Pradl"},"content":{"rendered":"\n<figure class=\"wp-block-image aligncenter size-full\"><img loading=\"lazy\" decoding=\"async\" width=\"600\" height=\"900\" src=\"https:\/\/wgphoto.pl\/t\/wp-content\/uploads\/2025\/03\/IMGP7135.jpg\" alt=\"\" class=\"wp-image-14490\" srcset=\"https:\/\/wgphoto.pl\/t\/wp-content\/uploads\/2025\/03\/IMGP7135.jpg 600w, https:\/\/wgphoto.pl\/t\/wp-content\/uploads\/2025\/03\/IMGP7135-200x300.jpg 200w\" sizes=\"auto, (max-width: 600px) 100vw, 600px\" \/><\/figure>\n\n\n\n<div class=\"wp-block-group has-global-padding is-layout-constrained wp-block-group-is-layout-constrained\">\n<p>Na wsch\u00f3d od dworca g\u0142\u00f3wnego rozci\u0105ga si\u0119 dzielnica Pradl, w kt\u00f3r\u0105 dzi\u0119ki widocznemu wywijasowi tramwaj zapuszcza si\u0119 nieco g\u0142\u0119biej ni\u017cby m\u00f3g\u0142 jad\u0105c do Amras. Wagon 303 min\u0105\u0142 \u015bcienne malowid\u0142a na przepi\u0119knej urody kamienicy i wykr\u0119ca z Defreggerstra\u00dfe w Pradler Stra\u00dfe. 19.08.2014<\/p>\n<\/div>\n","protected":false},"excerpt":{"rendered":"<p>Na wsch\u00f3d od dworca g\u0142\u00f3wnego rozci\u0105ga si\u0119 dzielnica Pradl, w kt\u00f3r\u0105 dzi\u0119ki widocznemu wywijasowi tramwaj zapuszcza si\u0119 nieco g\u0142\u0119biej ni\u017cby m\u00f3g\u0142 jad\u0105c do Amras. Wagon 303 min\u0105\u0142 \u015bcienne malowid\u0142a na przepi\u0119knej urody kamienicy i wykr\u0119ca z Defreggerstra\u00dfe w Pradler Stra\u00dfe. 19.08.2014<\/p>\n","protected":false},"author":1,"featured_media":14490,"comment_status":"open","ping_status":"","sticky":false,"template":"","format":"standard","meta":{"footnotes":""},"categories":[128,48,3],"tags":[1397,34,9,185,241,242],"class_list":["post-14489","post","type-post","status-publish","format-standard","has-post-thumbnail","hentry","category-pionowe","category-rok-2014","category-tramwaj","tag-2014-08-19","tag-architektura","tag-austria","tag-cityrunner","tag-innsbruck","tag-ivb-innsbruck"],"_links":{"self":[{"href":"https:\/\/wgphoto.pl\/t\/index.php?rest_route=\/wp\/v2\/posts\/14489","targetHints":{"allow":["GET"]}}],"collection":[{"href":"https:\/\/wgphoto.pl\/t\/index.php?rest_route=\/wp\/v2\/posts"}],"about":[{"href":"https:\/\/wgphoto.pl\/t\/index.php?rest_route=\/wp\/v2\/types\/post"}],"author":[{"embeddable":true,"href":"https:\/\/wgphoto.pl\/t\/index.php?rest_route=\/wp\/v2\/users\/1"}],"replies":[{"embeddable":true,"href":"https:\/\/wgphoto.pl\/t\/index.php?rest_route=%2Fwp%2Fv2%2Fcomments&post=14489"}],"version-history":[{"count":1,"href":"https:\/\/wgphoto.pl\/t\/index.php?rest_route=\/wp\/v2\/posts\/14489\/revisions"}],"predecessor-version":[{"id":14491,"href":"https:\/\/wgphoto.pl\/t\/index.php?rest_route=\/wp\/v2\/posts\/14489\/revisions\/14491"}],"wp:featuredmedia":[{"embeddable":true,"href":"https:\/\/wgphoto.pl\/t\/index.php?rest_route=\/wp\/v2\/media\/14490"}],"wp:attachment":[{"href":"https:\/\/wgphoto.pl\/t\/index.php?rest_route=%2Fwp%2Fv2%2Fmedia&parent=14489"}],"wp:term":[{"taxonomy":"category","embeddable":true,"href":"https:\/\/wgphoto.pl\/t\/index.php?rest_route=%2Fwp%2Fv2%2Fcategories&post=14489"},{"taxonomy":"post_tag","embeddable":true,"href":"https:\/\/wgphoto.pl\/t\/index.php?rest_route=%2Fwp%2Fv2%2Ftags&post=14489"}],"curies":[{"name":"wp","href":"https:\/\/api.w.org\/{rel}","templated":true}]}}