{"id":14492,"date":"2025-03-10T21:26:43","date_gmt":"2025-03-10T20:26:43","guid":{"rendered":"https:\/\/wgphoto.pl\/t\/?p=14492"},"modified":"2025-03-10T21:26:43","modified_gmt":"2025-03-10T20:26:43","slug":"gory-gora","status":"publish","type":"post","link":"https:\/\/wgphoto.pl\/t\/?p=14492","title":{"rendered":"G\u00f3ry g\u00f3r\u0105"},"content":{"rendered":"\n<figure class=\"wp-block-image aligncenter size-full\"><img loading=\"lazy\" decoding=\"async\" width=\"600\" height=\"910\" src=\"https:\/\/wgphoto.pl\/t\/wp-content\/uploads\/2025\/03\/IMGP6903.jpg\" alt=\"\" class=\"wp-image-14493\" srcset=\"https:\/\/wgphoto.pl\/t\/wp-content\/uploads\/2025\/03\/IMGP6903.jpg 600w, https:\/\/wgphoto.pl\/t\/wp-content\/uploads\/2025\/03\/IMGP6903-198x300.jpg 198w\" sizes=\"auto, (max-width: 600px) 100vw, 600px\" \/><\/figure>\n\n\n\n<div class=\"wp-block-group has-global-padding is-layout-constrained wp-block-group-is-layout-constrained\">\n<p>Nad ulic\u0105 Marii Teresy g\u00f3ruje wie\u017ca ko\u015bcio\u0142a Serwit\u00f3w, lecz masyw Nordkette nadal jest doskonale widoczny. 18.08.2014<\/p>\n<\/div>\n","protected":false},"excerpt":{"rendered":"<p>Nad ulic\u0105 Marii Teresy g\u00f3ruje wie\u017ca ko\u015bcio\u0142a Serwit\u00f3w, lecz masyw Nordkette nadal jest doskonale widoczny. 18.08.2014<\/p>\n","protected":false},"author":1,"featured_media":14493,"comment_status":"open","ping_status":"","sticky":false,"template":"","format":"standard","meta":{"footnotes":""},"categories":[128,48,3],"tags":[243,34,9,185,114,241,242],"class_list":["post-14492","post","type-post","status-publish","format-standard","has-post-thumbnail","hentry","category-pionowe","category-rok-2014","category-tramwaj","tag-2014-08-18","tag-architektura","tag-austria","tag-cityrunner","tag-gory","tag-innsbruck","tag-ivb-innsbruck"],"_links":{"self":[{"href":"https:\/\/wgphoto.pl\/t\/index.php?rest_route=\/wp\/v2\/posts\/14492","targetHints":{"allow":["GET"]}}],"collection":[{"href":"https:\/\/wgphoto.pl\/t\/index.php?rest_route=\/wp\/v2\/posts"}],"about":[{"href":"https:\/\/wgphoto.pl\/t\/index.php?rest_route=\/wp\/v2\/types\/post"}],"author":[{"embeddable":true,"href":"https:\/\/wgphoto.pl\/t\/index.php?rest_route=\/wp\/v2\/users\/1"}],"replies":[{"embeddable":true,"href":"https:\/\/wgphoto.pl\/t\/index.php?rest_route=%2Fwp%2Fv2%2Fcomments&post=14492"}],"version-history":[{"count":1,"href":"https:\/\/wgphoto.pl\/t\/index.php?rest_route=\/wp\/v2\/posts\/14492\/revisions"}],"predecessor-version":[{"id":14494,"href":"https:\/\/wgphoto.pl\/t\/index.php?rest_route=\/wp\/v2\/posts\/14492\/revisions\/14494"}],"wp:featuredmedia":[{"embeddable":true,"href":"https:\/\/wgphoto.pl\/t\/index.php?rest_route=\/wp\/v2\/media\/14493"}],"wp:attachment":[{"href":"https:\/\/wgphoto.pl\/t\/index.php?rest_route=%2Fwp%2Fv2%2Fmedia&parent=14492"}],"wp:term":[{"taxonomy":"category","embeddable":true,"href":"https:\/\/wgphoto.pl\/t\/index.php?rest_route=%2Fwp%2Fv2%2Fcategories&post=14492"},{"taxonomy":"post_tag","embeddable":true,"href":"https:\/\/wgphoto.pl\/t\/index.php?rest_route=%2Fwp%2Fv2%2Ftags&post=14492"}],"curies":[{"name":"wp","href":"https:\/\/api.w.org\/{rel}","templated":true}]}}