{"id":14495,"date":"2025-03-10T21:27:40","date_gmt":"2025-03-10T20:27:40","guid":{"rendered":"https:\/\/wgphoto.pl\/t\/?p=14495"},"modified":"2025-03-10T21:27:40","modified_gmt":"2025-03-10T20:27:40","slug":"w-porannym-sloncu","status":"publish","type":"post","link":"https:\/\/wgphoto.pl\/t\/?p=14495","title":{"rendered":"W porannym s\u0142o\u0144cu"},"content":{"rendered":"\n<figure class=\"wp-block-image aligncenter size-full\"><img loading=\"lazy\" decoding=\"async\" width=\"1200\" height=\"750\" src=\"https:\/\/wgphoto.pl\/t\/wp-content\/uploads\/2025\/03\/0809-34.jpg\" alt=\"\" class=\"wp-image-14496\" srcset=\"https:\/\/wgphoto.pl\/t\/wp-content\/uploads\/2025\/03\/0809-34.jpg 1200w, https:\/\/wgphoto.pl\/t\/wp-content\/uploads\/2025\/03\/0809-34-300x188.jpg 300w, https:\/\/wgphoto.pl\/t\/wp-content\/uploads\/2025\/03\/0809-34-768x480.jpg 768w\" sizes=\"auto, (max-width: 1200px) 100vw, 1200px\" \/><\/figure>\n\n\n\n<div class=\"wp-block-group has-global-padding is-layout-constrained wp-block-group-is-layout-constrained\">\n<p>SU45-078 z nocnym poci\u0105giem pospiesznym &#8222;Niegocin&#8221; z Wroc\u0142awia do E\u0142ku, prowadz\u0105cym r\u00f3wnie\u017c wagony bezpo\u015brednie z Lublina, zbli\u017ca si\u0119 do K\u0119trzyna. 08.08.2008<\/p>\n<\/div>\n","protected":false},"excerpt":{"rendered":"<p>SU45-078 z nocnym poci\u0105giem pospiesznym &#8222;Niegocin&#8221; z Wroc\u0142awia do E\u0142ku, prowadz\u0105cym r\u00f3wnie\u017c wagony bezpo\u015brednie z Lublina, zbli\u017ca si\u0119 do K\u0119trzyna. 08.08.2008<\/p>\n","protected":false},"author":1,"featured_media":14496,"comment_status":"open","ping_status":"","sticky":false,"template":"","format":"standard","meta":{"footnotes":""},"categories":[62,2,120],"tags":[324,2794,3464,63,27,176,290,322],"class_list":["post-14495","post","type-post","status-publish","format-standard","has-post-thumbnail","hentry","category-analog","category-kolej","category-rok-2008","tag-2008-08-08","tag-ketrzyn","tag-nowy-mlyn","tag-pkp","tag-polska","tag-rano","tag-su45","tag-tab-pl510"],"_links":{"self":[{"href":"https:\/\/wgphoto.pl\/t\/index.php?rest_route=\/wp\/v2\/posts\/14495","targetHints":{"allow":["GET"]}}],"collection":[{"href":"https:\/\/wgphoto.pl\/t\/index.php?rest_route=\/wp\/v2\/posts"}],"about":[{"href":"https:\/\/wgphoto.pl\/t\/index.php?rest_route=\/wp\/v2\/types\/post"}],"author":[{"embeddable":true,"href":"https:\/\/wgphoto.pl\/t\/index.php?rest_route=\/wp\/v2\/users\/1"}],"replies":[{"embeddable":true,"href":"https:\/\/wgphoto.pl\/t\/index.php?rest_route=%2Fwp%2Fv2%2Fcomments&post=14495"}],"version-history":[{"count":1,"href":"https:\/\/wgphoto.pl\/t\/index.php?rest_route=\/wp\/v2\/posts\/14495\/revisions"}],"predecessor-version":[{"id":14497,"href":"https:\/\/wgphoto.pl\/t\/index.php?rest_route=\/wp\/v2\/posts\/14495\/revisions\/14497"}],"wp:featuredmedia":[{"embeddable":true,"href":"https:\/\/wgphoto.pl\/t\/index.php?rest_route=\/wp\/v2\/media\/14496"}],"wp:attachment":[{"href":"https:\/\/wgphoto.pl\/t\/index.php?rest_route=%2Fwp%2Fv2%2Fmedia&parent=14495"}],"wp:term":[{"taxonomy":"category","embeddable":true,"href":"https:\/\/wgphoto.pl\/t\/index.php?rest_route=%2Fwp%2Fv2%2Fcategories&post=14495"},{"taxonomy":"post_tag","embeddable":true,"href":"https:\/\/wgphoto.pl\/t\/index.php?rest_route=%2Fwp%2Fv2%2Ftags&post=14495"}],"curies":[{"name":"wp","href":"https:\/\/api.w.org\/{rel}","templated":true}]}}