{"id":14504,"date":"2025-03-10T21:30:19","date_gmt":"2025-03-10T20:30:19","guid":{"rendered":"https:\/\/wgphoto.pl\/t\/?p=14504"},"modified":"2025-03-10T21:30:19","modified_gmt":"2025-03-10T20:30:19","slug":"warszawa-wschodnia","status":"publish","type":"post","link":"https:\/\/wgphoto.pl\/t\/?p=14504","title":{"rendered":"Warszawa Wschodnia"},"content":{"rendered":"\n<figure class=\"wp-block-image aligncenter size-full\"><img loading=\"lazy\" decoding=\"async\" width=\"1200\" height=\"795\" src=\"https:\/\/wgphoto.pl\/t\/wp-content\/uploads\/2025\/03\/0619-19.jpg\" alt=\"\" class=\"wp-image-14505\" srcset=\"https:\/\/wgphoto.pl\/t\/wp-content\/uploads\/2025\/03\/0619-19.jpg 1200w, https:\/\/wgphoto.pl\/t\/wp-content\/uploads\/2025\/03\/0619-19-300x199.jpg 300w, https:\/\/wgphoto.pl\/t\/wp-content\/uploads\/2025\/03\/0619-19-768x509.jpg 768w\" sizes=\"auto, (max-width: 1200px) 100vw, 1200px\" \/><\/figure>\n\n\n\n<div class=\"wp-block-group has-global-padding is-layout-constrained wp-block-group-is-layout-constrained\">\n<p>W deszczow\u0105 noc EU07-501 i 492 oczekuj\u0105 na swoje poci\u0105gi na stacji Warszawa Wschodnia. Je\u015bli ta stacja mia\u0142aby mi si\u0119 z czym\u015b kojarzy\u0107, by\u0142yby to wakacyjne przesiadki w \u015brodku nocy pomi\u0119dzy zat\u0142oczonymi rze\u017aniami \u0142\u0105cz\u0105cymi jeden odleg\u0142y rejon Polski z innym. Zawsze by\u0142em tam tylko przejazdem. Nigdy nie przyje\u017cd\u017ca\u0142em do Warszawy wprost z Wroc\u0142awia ani w jego kierunku nie odje\u017cd\u017ca\u0142em. Mog\u0142y to wi\u0119c by\u0107 podr\u00f3\u017ce z Podkarpacia do Tr\u00f3jmiasta, z Mazur w Bory Tucholskie albo gdzie\u015b spod Kielc do \u015awinouj\u015bcia. Tym razem przyjecha\u0142em chyba z Raczek, a rano wyl\u0105dowa\u0142em w bipie z Dzia\u0142dowa do Brodnicy. 12.08.2006<\/p>\n<\/div>\n","protected":false},"excerpt":{"rendered":"<p>W deszczow\u0105 noc EU07-501 i 492 oczekuj\u0105 na swoje poci\u0105gi na stacji Warszawa Wschodnia. Je\u015bli ta stacja mia\u0142aby mi si\u0119 z czym\u015b kojarzy\u0107, by\u0142yby to wakacyjne przesiadki w \u015brodku nocy pomi\u0119dzy zat\u0142oczonymi rze\u017aniami \u0142\u0105cz\u0105cymi jeden odleg\u0142y rejon Polski z innym. Zawsze by\u0142em tam tylko przejazdem. Nigdy nie przyje\u017cd\u017ca\u0142em do Warszawy wprost z Wroc\u0142awia ani w [&hellip;]<\/p>\n","protected":false},"author":1,"featured_media":14505,"comment_status":"open","ping_status":"","sticky":false,"template":"","format":"standard","meta":{"footnotes":""},"categories":[62,2,130],"tags":[3465,13,122,154,63,27,954,3338],"class_list":["post-14504","post","type-post","status-publish","format-standard","has-post-thumbnail","hentry","category-analog","category-kolej","category-rok-2006","tag-2006-08-12","tag-deszcz","tag-eu07","tag-noc","tag-pkp","tag-polska","tag-warszawa","tag-warszawa-wschodnia"],"_links":{"self":[{"href":"https:\/\/wgphoto.pl\/t\/index.php?rest_route=\/wp\/v2\/posts\/14504","targetHints":{"allow":["GET"]}}],"collection":[{"href":"https:\/\/wgphoto.pl\/t\/index.php?rest_route=\/wp\/v2\/posts"}],"about":[{"href":"https:\/\/wgphoto.pl\/t\/index.php?rest_route=\/wp\/v2\/types\/post"}],"author":[{"embeddable":true,"href":"https:\/\/wgphoto.pl\/t\/index.php?rest_route=\/wp\/v2\/users\/1"}],"replies":[{"embeddable":true,"href":"https:\/\/wgphoto.pl\/t\/index.php?rest_route=%2Fwp%2Fv2%2Fcomments&post=14504"}],"version-history":[{"count":1,"href":"https:\/\/wgphoto.pl\/t\/index.php?rest_route=\/wp\/v2\/posts\/14504\/revisions"}],"predecessor-version":[{"id":14506,"href":"https:\/\/wgphoto.pl\/t\/index.php?rest_route=\/wp\/v2\/posts\/14504\/revisions\/14506"}],"wp:featuredmedia":[{"embeddable":true,"href":"https:\/\/wgphoto.pl\/t\/index.php?rest_route=\/wp\/v2\/media\/14505"}],"wp:attachment":[{"href":"https:\/\/wgphoto.pl\/t\/index.php?rest_route=%2Fwp%2Fv2%2Fmedia&parent=14504"}],"wp:term":[{"taxonomy":"category","embeddable":true,"href":"https:\/\/wgphoto.pl\/t\/index.php?rest_route=%2Fwp%2Fv2%2Fcategories&post=14504"},{"taxonomy":"post_tag","embeddable":true,"href":"https:\/\/wgphoto.pl\/t\/index.php?rest_route=%2Fwp%2Fv2%2Ftags&post=14504"}],"curies":[{"name":"wp","href":"https:\/\/api.w.org\/{rel}","templated":true}]}}