{"id":14519,"date":"2025-03-10T21:34:42","date_gmt":"2025-03-10T20:34:42","guid":{"rendered":"https:\/\/wgphoto.pl\/t\/?p=14519"},"modified":"2025-03-10T21:34:42","modified_gmt":"2025-03-10T20:34:42","slug":"nadmiar-haczykow-w-nazwie","status":"publish","type":"post","link":"https:\/\/wgphoto.pl\/t\/?p=14519","title":{"rendered":"Nadmiar haczyk\u00f3w w nazwie"},"content":{"rendered":"\n<figure class=\"wp-block-image aligncenter size-full\"><img loading=\"lazy\" decoding=\"async\" width=\"1200\" height=\"800\" src=\"https:\/\/wgphoto.pl\/t\/wp-content\/uploads\/2025\/03\/IMGP7963.jpg\" alt=\"\" class=\"wp-image-14521\" srcset=\"https:\/\/wgphoto.pl\/t\/wp-content\/uploads\/2025\/03\/IMGP7963.jpg 1200w, https:\/\/wgphoto.pl\/t\/wp-content\/uploads\/2025\/03\/IMGP7963-300x200.jpg 300w, https:\/\/wgphoto.pl\/t\/wp-content\/uploads\/2025\/03\/IMGP7963-768x512.jpg 768w\" sizes=\"auto, (max-width: 1200px) 100vw, 1200px\" \/><\/figure>\n\n\n\n<div class=\"wp-block-group has-global-padding is-layout-constrained wp-block-group-is-layout-constrained\">\n<p>Stacja N\u00e1m\u011b\u0161\u0165 nad Oslavou. Podczas gdy do Brna odjedzie zaraz (niewidoczny na zdj\u0119ciu) sk\u0142ad zestawiony z kilku wagon\u00f3w, poranny osobowy do Jihlavy, b\u0119d\u0105cej r\u00f3wnie\u017c miastem wojew\u00f3dzkim, cho\u0107 8 razy mniejszym od Brna, obs\u0142u\u017cony zostanie takim knypkiem. 16.09.2010<\/p>\n<\/div>\n","protected":false},"excerpt":{"rendered":"<p>Stacja N\u00e1m\u011b\u0161\u0165 nad Oslavou. Podczas gdy do Brna odjedzie zaraz (niewidoczny na zdj\u0119ciu) sk\u0142ad zestawiony z kilku wagon\u00f3w, poranny osobowy do Jihlavy, b\u0119d\u0105cej r\u00f3wnie\u017c miastem wojew\u00f3dzkim, cho\u0107 8 razy mniejszym od Brna, obs\u0142u\u017cony zostanie takim knypkiem. 16.09.2010<\/p>\n","protected":false},"author":1,"featured_media":14521,"comment_status":"open","ping_status":"","sticky":false,"template":"","format":"standard","meta":{"footnotes":""},"categories":[2,86],"tags":[3115,211,50,49,3469,176,1354],"class_list":["post-14519","post","type-post","status-publish","format-standard","has-post-thumbnail","hentry","category-kolej","category-rok-2010","tag-2010-09-16","tag-211","tag-cd","tag-czechy","tag-namest-nad-oslavou","tag-rano","tag-tab-cz240"],"_links":{"self":[{"href":"https:\/\/wgphoto.pl\/t\/index.php?rest_route=\/wp\/v2\/posts\/14519","targetHints":{"allow":["GET"]}}],"collection":[{"href":"https:\/\/wgphoto.pl\/t\/index.php?rest_route=\/wp\/v2\/posts"}],"about":[{"href":"https:\/\/wgphoto.pl\/t\/index.php?rest_route=\/wp\/v2\/types\/post"}],"author":[{"embeddable":true,"href":"https:\/\/wgphoto.pl\/t\/index.php?rest_route=\/wp\/v2\/users\/1"}],"replies":[{"embeddable":true,"href":"https:\/\/wgphoto.pl\/t\/index.php?rest_route=%2Fwp%2Fv2%2Fcomments&post=14519"}],"version-history":[{"count":1,"href":"https:\/\/wgphoto.pl\/t\/index.php?rest_route=\/wp\/v2\/posts\/14519\/revisions"}],"predecessor-version":[{"id":14522,"href":"https:\/\/wgphoto.pl\/t\/index.php?rest_route=\/wp\/v2\/posts\/14519\/revisions\/14522"}],"wp:featuredmedia":[{"embeddable":true,"href":"https:\/\/wgphoto.pl\/t\/index.php?rest_route=\/wp\/v2\/media\/14521"}],"wp:attachment":[{"href":"https:\/\/wgphoto.pl\/t\/index.php?rest_route=%2Fwp%2Fv2%2Fmedia&parent=14519"}],"wp:term":[{"taxonomy":"category","embeddable":true,"href":"https:\/\/wgphoto.pl\/t\/index.php?rest_route=%2Fwp%2Fv2%2Fcategories&post=14519"},{"taxonomy":"post_tag","embeddable":true,"href":"https:\/\/wgphoto.pl\/t\/index.php?rest_route=%2Fwp%2Fv2%2Ftags&post=14519"}],"curies":[{"name":"wp","href":"https:\/\/api.w.org\/{rel}","templated":true}]}}