{"id":14529,"date":"2025-03-10T21:38:23","date_gmt":"2025-03-10T20:38:23","guid":{"rendered":"https:\/\/wgphoto.pl\/t\/?p=14529"},"modified":"2026-02-22T23:19:24","modified_gmt":"2026-02-22T22:19:24","slug":"trojpak-2","status":"publish","type":"post","link":"https:\/\/wgphoto.pl\/t\/?p=14529","title":{"rendered":"Tr\u00f3jpak"},"content":{"rendered":"\n<figure class=\"wp-block-image aligncenter size-full\"><img loading=\"lazy\" decoding=\"async\" width=\"1300\" height=\"861\" src=\"https:\/\/wgphoto.pl\/t\/wp-content\/uploads\/2025\/03\/IMGP1145.jpg\" alt=\"\" class=\"wp-image-14530\" srcset=\"https:\/\/wgphoto.pl\/t\/wp-content\/uploads\/2025\/03\/IMGP1145.jpg 1300w, https:\/\/wgphoto.pl\/t\/wp-content\/uploads\/2025\/03\/IMGP1145-300x199.jpg 300w, https:\/\/wgphoto.pl\/t\/wp-content\/uploads\/2025\/03\/IMGP1145-768x509.jpg 768w\" sizes=\"auto, (max-width: 1300px) 100vw, 1300px\" \/><\/figure>\n\n\n\n<div class=\"wp-block-group has-global-padding is-layout-constrained wp-block-group-is-layout-constrained\">\n<p>Dzi\u015b w pakiecie trzy charakterystyczne elementy z wiede\u0144skiego metra. Powy\u017cej &#8211; typowe wn\u0119trze wagonu serii U, wygl\u0105daj\u0105ce tak jak projektant zaprojektowa\u0142 40 lat temu (przy czym ten akurat wagon jest zapewne sporo m\u0142odszy) z wyj\u0105tkiem tapicerki siedze\u0144 (oryginalnie by\u0142a szara; niebieska z logotypami Wiener Linien zacz\u0119\u0142a si\u0119 pojawia\u0107 jakie\u015b 15 lat wstecz) oraz wy\u015bwietlaczy. 2013-12-23<\/p>\n<\/div>\n","protected":false},"excerpt":{"rendered":"<p>Dzi\u015b w pakiecie trzy charakterystyczne elementy z wiede\u0144skiego metra. Powy\u017cej &#8211; typowe wn\u0119trze wagonu serii U, wygl\u0105daj\u0105ce tak jak projektant zaprojektowa\u0142 40 lat temu (przy czym ten akurat wagon jest zapewne sporo m\u0142odszy) z wyj\u0105tkiem tapicerki siedze\u0144 (oryginalnie by\u0142a szara; niebieska z logotypami Wiener Linien zacz\u0119\u0142a si\u0119 pojawia\u0107 jakie\u015b 15 lat wstecz) oraz wy\u015bwietlaczy. 2013-12-23<\/p>\n","protected":false},"author":1,"featured_media":14530,"comment_status":"open","ping_status":"","sticky":false,"template":"","format":"standard","meta":{"footnotes":""},"categories":[220,4,55],"tags":[826,9,223,4680,99,97,98,454],"class_list":["post-14529","post","type-post","status-publish","format-standard","has-post-thumbnail","hentry","category-blo","category-metro","category-rok-2013","tag-2013-12-23","tag-austria","tag-symetria","tag-u","tag-u-bahn-wien","tag-wieden","tag-wiener-linien","tag-wnetrza-pojazdow"],"_links":{"self":[{"href":"https:\/\/wgphoto.pl\/t\/index.php?rest_route=\/wp\/v2\/posts\/14529","targetHints":{"allow":["GET"]}}],"collection":[{"href":"https:\/\/wgphoto.pl\/t\/index.php?rest_route=\/wp\/v2\/posts"}],"about":[{"href":"https:\/\/wgphoto.pl\/t\/index.php?rest_route=\/wp\/v2\/types\/post"}],"author":[{"embeddable":true,"href":"https:\/\/wgphoto.pl\/t\/index.php?rest_route=\/wp\/v2\/users\/1"}],"replies":[{"embeddable":true,"href":"https:\/\/wgphoto.pl\/t\/index.php?rest_route=%2Fwp%2Fv2%2Fcomments&post=14529"}],"version-history":[{"count":1,"href":"https:\/\/wgphoto.pl\/t\/index.php?rest_route=\/wp\/v2\/posts\/14529\/revisions"}],"predecessor-version":[{"id":14531,"href":"https:\/\/wgphoto.pl\/t\/index.php?rest_route=\/wp\/v2\/posts\/14529\/revisions\/14531"}],"wp:featuredmedia":[{"embeddable":true,"href":"https:\/\/wgphoto.pl\/t\/index.php?rest_route=\/wp\/v2\/media\/14530"}],"wp:attachment":[{"href":"https:\/\/wgphoto.pl\/t\/index.php?rest_route=%2Fwp%2Fv2%2Fmedia&parent=14529"}],"wp:term":[{"taxonomy":"category","embeddable":true,"href":"https:\/\/wgphoto.pl\/t\/index.php?rest_route=%2Fwp%2Fv2%2Fcategories&post=14529"},{"taxonomy":"post_tag","embeddable":true,"href":"https:\/\/wgphoto.pl\/t\/index.php?rest_route=%2Fwp%2Fv2%2Ftags&post=14529"}],"curies":[{"name":"wp","href":"https:\/\/api.w.org\/{rel}","templated":true}]}}