{"id":14532,"date":"2025-03-10T21:39:18","date_gmt":"2025-03-10T20:39:18","guid":{"rendered":"https:\/\/wgphoto.pl\/t\/?p=14532"},"modified":"2026-02-22T23:19:13","modified_gmt":"2026-02-22T22:19:13","slug":"kurz-ziehen","status":"publish","type":"post","link":"https:\/\/wgphoto.pl\/t\/?p=14532","title":{"rendered":"Kurz ziehen"},"content":{"rendered":"\n<figure class=\"wp-block-image aligncenter size-full\"><img loading=\"lazy\" decoding=\"async\" width=\"1200\" height=\"795\" src=\"https:\/\/wgphoto.pl\/t\/wp-content\/uploads\/2025\/03\/IMGP1146.jpg\" alt=\"\" class=\"wp-image-14533\" srcset=\"https:\/\/wgphoto.pl\/t\/wp-content\/uploads\/2025\/03\/IMGP1146.jpg 1200w, https:\/\/wgphoto.pl\/t\/wp-content\/uploads\/2025\/03\/IMGP1146-300x199.jpg 300w, https:\/\/wgphoto.pl\/t\/wp-content\/uploads\/2025\/03\/IMGP1146-768x509.jpg 768w\" sizes=\"auto, (max-width: 1200px) 100vw, 1200px\" \/><\/figure>\n\n\n\n<div class=\"wp-block-group has-global-padding is-layout-constrained wp-block-group-is-layout-constrained\">\n<p>Wagony serii U nie posiadaj\u0105 przycisk\u00f3w do otwierania drzwi &#8211; do tego celu s\u0142u\u017c\u0105 takie klameczki. To jedno z moich najstarszych wspomnie\u0144 z wiede\u0144skiego U-bahnu i wci\u0105\u017c otwieranie drzwi za pomoc\u0105 charakterystycznego stukni\u0119cia w klamk\u0119 sprawia mi frajd\u0119 niczym dziecku. \ud83d\ude09 23.12.2013<\/p>\n<\/div>\n","protected":false},"excerpt":{"rendered":"<p>Wagony serii U nie posiadaj\u0105 przycisk\u00f3w do otwierania drzwi &#8211; do tego celu s\u0142u\u017c\u0105 takie klameczki. To jedno z moich najstarszych wspomnie\u0144 z wiede\u0144skiego U-bahnu i wci\u0105\u017c otwieranie drzwi za pomoc\u0105 charakterystycznego stukni\u0119cia w klamk\u0119 sprawia mi frajd\u0119 niczym dziecku. \ud83d\ude09 23.12.2013<\/p>\n","protected":false},"author":1,"featured_media":14533,"comment_status":"open","ping_status":"","sticky":false,"template":"","format":"standard","meta":{"footnotes":""},"categories":[220,4,55],"tags":[826,9,4680,99,97,98,454],"class_list":["post-14532","post","type-post","status-publish","format-standard","has-post-thumbnail","hentry","category-blo","category-metro","category-rok-2013","tag-2013-12-23","tag-austria","tag-u","tag-u-bahn-wien","tag-wieden","tag-wiener-linien","tag-wnetrza-pojazdow"],"_links":{"self":[{"href":"https:\/\/wgphoto.pl\/t\/index.php?rest_route=\/wp\/v2\/posts\/14532","targetHints":{"allow":["GET"]}}],"collection":[{"href":"https:\/\/wgphoto.pl\/t\/index.php?rest_route=\/wp\/v2\/posts"}],"about":[{"href":"https:\/\/wgphoto.pl\/t\/index.php?rest_route=\/wp\/v2\/types\/post"}],"author":[{"embeddable":true,"href":"https:\/\/wgphoto.pl\/t\/index.php?rest_route=\/wp\/v2\/users\/1"}],"replies":[{"embeddable":true,"href":"https:\/\/wgphoto.pl\/t\/index.php?rest_route=%2Fwp%2Fv2%2Fcomments&post=14532"}],"version-history":[{"count":1,"href":"https:\/\/wgphoto.pl\/t\/index.php?rest_route=\/wp\/v2\/posts\/14532\/revisions"}],"predecessor-version":[{"id":14534,"href":"https:\/\/wgphoto.pl\/t\/index.php?rest_route=\/wp\/v2\/posts\/14532\/revisions\/14534"}],"wp:featuredmedia":[{"embeddable":true,"href":"https:\/\/wgphoto.pl\/t\/index.php?rest_route=\/wp\/v2\/media\/14533"}],"wp:attachment":[{"href":"https:\/\/wgphoto.pl\/t\/index.php?rest_route=%2Fwp%2Fv2%2Fmedia&parent=14532"}],"wp:term":[{"taxonomy":"category","embeddable":true,"href":"https:\/\/wgphoto.pl\/t\/index.php?rest_route=%2Fwp%2Fv2%2Fcategories&post=14532"},{"taxonomy":"post_tag","embeddable":true,"href":"https:\/\/wgphoto.pl\/t\/index.php?rest_route=%2Fwp%2Fv2%2Ftags&post=14532"}],"curies":[{"name":"wp","href":"https:\/\/api.w.org\/{rel}","templated":true}]}}