{"id":14535,"date":"2025-03-10T21:40:08","date_gmt":"2025-03-10T20:40:08","guid":{"rendered":"https:\/\/wgphoto.pl\/t\/?p=14535"},"modified":"2026-02-22T23:13:32","modified_gmt":"2026-02-22T22:13:32","slug":"tecza","status":"publish","type":"post","link":"https:\/\/wgphoto.pl\/t\/?p=14535","title":{"rendered":"T\u0119cza"},"content":{"rendered":"\n<figure class=\"wp-block-image aligncenter size-full\"><img loading=\"lazy\" decoding=\"async\" width=\"1200\" height=\"795\" src=\"https:\/\/wgphoto.pl\/t\/wp-content\/uploads\/2025\/03\/IMGP1166.jpg\" alt=\"\" class=\"wp-image-14536\" srcset=\"https:\/\/wgphoto.pl\/t\/wp-content\/uploads\/2025\/03\/IMGP1166.jpg 1200w, https:\/\/wgphoto.pl\/t\/wp-content\/uploads\/2025\/03\/IMGP1166-300x199.jpg 300w, https:\/\/wgphoto.pl\/t\/wp-content\/uploads\/2025\/03\/IMGP1166-768x509.jpg 768w\" sizes=\"auto, (max-width: 1200px) 100vw, 1200px\" \/><\/figure>\n\n\n\n<div class=\"wp-block-group has-global-padding is-layout-constrained wp-block-group-is-layout-constrained\">\n<p>Poci\u0105gi serii V, jak to z nowymi pojazdami bywa, s\u0105 generalnie nudne. Jednym z niewielu element\u00f3w przykuwaj\u0105cych uwag\u0119 s\u0105 \u015bciany oddzielaj\u0105ce kabin\u0119 maszynisty od przedzia\u0142u pasa\u017cerskiego. Wiede\u0144 nie jest tutaj wyj\u0105tkiem, bo ju\u017c w kilku miastach zauwa\u017cy\u0142em, \u017ce taka \u015bciana miewa charakterystyczny wygl\u0105d &#8211; w ramach dowodu mo\u017ce wrzuc\u0119 kiedy\u015b stosowne foto z Barcelony. 23.12.2013<\/p>\n<\/div>\n","protected":false},"excerpt":{"rendered":"<p>Poci\u0105gi serii V, jak to z nowymi pojazdami bywa, s\u0105 generalnie nudne. Jednym z niewielu element\u00f3w przykuwaj\u0105cych uwag\u0119 s\u0105 \u015bciany oddzielaj\u0105ce kabin\u0119 maszynisty od przedzia\u0142u pasa\u017cerskiego. Wiede\u0144 nie jest tutaj wyj\u0105tkiem, bo ju\u017c w kilku miastach zauwa\u017cy\u0142em, \u017ce taka \u015bciana miewa charakterystyczny wygl\u0105d &#8211; w ramach dowodu mo\u017ce wrzuc\u0119 kiedy\u015b stosowne foto z Barcelony. 23.12.2013<\/p>\n","protected":false},"author":1,"featured_media":14536,"comment_status":"open","ping_status":"","sticky":false,"template":"","format":"standard","meta":{"footnotes":""},"categories":[220,4,55],"tags":[826,9,99,4679,97,98,454],"class_list":["post-14535","post","type-post","status-publish","format-standard","has-post-thumbnail","hentry","category-blo","category-metro","category-rok-2013","tag-2013-12-23","tag-austria","tag-u-bahn-wien","tag-v","tag-wieden","tag-wiener-linien","tag-wnetrza-pojazdow"],"_links":{"self":[{"href":"https:\/\/wgphoto.pl\/t\/index.php?rest_route=\/wp\/v2\/posts\/14535","targetHints":{"allow":["GET"]}}],"collection":[{"href":"https:\/\/wgphoto.pl\/t\/index.php?rest_route=\/wp\/v2\/posts"}],"about":[{"href":"https:\/\/wgphoto.pl\/t\/index.php?rest_route=\/wp\/v2\/types\/post"}],"author":[{"embeddable":true,"href":"https:\/\/wgphoto.pl\/t\/index.php?rest_route=\/wp\/v2\/users\/1"}],"replies":[{"embeddable":true,"href":"https:\/\/wgphoto.pl\/t\/index.php?rest_route=%2Fwp%2Fv2%2Fcomments&post=14535"}],"version-history":[{"count":1,"href":"https:\/\/wgphoto.pl\/t\/index.php?rest_route=\/wp\/v2\/posts\/14535\/revisions"}],"predecessor-version":[{"id":14537,"href":"https:\/\/wgphoto.pl\/t\/index.php?rest_route=\/wp\/v2\/posts\/14535\/revisions\/14537"}],"wp:featuredmedia":[{"embeddable":true,"href":"https:\/\/wgphoto.pl\/t\/index.php?rest_route=\/wp\/v2\/media\/14536"}],"wp:attachment":[{"href":"https:\/\/wgphoto.pl\/t\/index.php?rest_route=%2Fwp%2Fv2%2Fmedia&parent=14535"}],"wp:term":[{"taxonomy":"category","embeddable":true,"href":"https:\/\/wgphoto.pl\/t\/index.php?rest_route=%2Fwp%2Fv2%2Fcategories&post=14535"},{"taxonomy":"post_tag","embeddable":true,"href":"https:\/\/wgphoto.pl\/t\/index.php?rest_route=%2Fwp%2Fv2%2Ftags&post=14535"}],"curies":[{"name":"wp","href":"https:\/\/api.w.org\/{rel}","templated":true}]}}