{"id":14538,"date":"2025-03-10T21:41:16","date_gmt":"2025-03-10T20:41:16","guid":{"rendered":"https:\/\/wgphoto.pl\/t\/?p=14538"},"modified":"2026-02-22T23:13:23","modified_gmt":"2026-02-22T22:13:23","slug":"nad-modrym-starym-dunajem","status":"publish","type":"post","link":"https:\/\/wgphoto.pl\/t\/?p=14538","title":{"rendered":"Nad modrym Starym Dunajem"},"content":{"rendered":"\n<figure class=\"wp-block-image aligncenter size-full\"><img loading=\"lazy\" decoding=\"async\" width=\"1200\" height=\"795\" src=\"https:\/\/wgphoto.pl\/t\/wp-content\/uploads\/2025\/03\/IMGP1937.jpg\" alt=\"\" class=\"wp-image-14539\" srcset=\"https:\/\/wgphoto.pl\/t\/wp-content\/uploads\/2025\/03\/IMGP1937.jpg 1200w, https:\/\/wgphoto.pl\/t\/wp-content\/uploads\/2025\/03\/IMGP1937-300x199.jpg 300w, https:\/\/wgphoto.pl\/t\/wp-content\/uploads\/2025\/03\/IMGP1937-768x509.jpg 768w\" sizes=\"auto, (max-width: 1200px) 100vw, 1200px\" \/><\/figure>\n\n\n\n<div class=\"wp-block-group has-global-padding is-layout-constrained wp-block-group-is-layout-constrained\">\n<p>Poci\u0105g linii U1 przeprawia si\u0119 przez starorzecze Dunaju, zwane Alte Donau, kt\u00f3re z uwagi na odci\u0119cie od g\u0142\u00f3wnego koryta rzeki stanowi bardzo spokojny akwen, co sprzyja lokalizowaniu tu\u017c nad brzegiem wypasionych willi z pomostami, takich jak widoczne w tle. Bardzo sympatyczna okolica. 28.12.2013<\/p>\n<\/div>\n","protected":false},"excerpt":{"rendered":"<p>Poci\u0105g linii U1 przeprawia si\u0119 przez starorzecze Dunaju, zwane Alte Donau, kt\u00f3re z uwagi na odci\u0119cie od g\u0142\u00f3wnego koryta rzeki stanowi bardzo spokojny akwen, co sprzyja lokalizowaniu tu\u017c nad brzegiem wypasionych willi z pomostami, takich jak widoczne w tle. Bardzo sympatyczna okolica. 28.12.2013<\/p>\n","protected":false},"author":1,"featured_media":14539,"comment_status":"open","ping_status":"","sticky":false,"template":"","format":"standard","meta":{"footnotes":""},"categories":[4,55],"tags":[587,9,73,99,4679,97,98],"class_list":["post-14538","post","type-post","status-publish","format-standard","has-post-thumbnail","hentry","category-metro","category-rok-2013","tag-2013-12-28","tag-austria","tag-rzeka","tag-u-bahn-wien","tag-v","tag-wieden","tag-wiener-linien"],"_links":{"self":[{"href":"https:\/\/wgphoto.pl\/t\/index.php?rest_route=\/wp\/v2\/posts\/14538","targetHints":{"allow":["GET"]}}],"collection":[{"href":"https:\/\/wgphoto.pl\/t\/index.php?rest_route=\/wp\/v2\/posts"}],"about":[{"href":"https:\/\/wgphoto.pl\/t\/index.php?rest_route=\/wp\/v2\/types\/post"}],"author":[{"embeddable":true,"href":"https:\/\/wgphoto.pl\/t\/index.php?rest_route=\/wp\/v2\/users\/1"}],"replies":[{"embeddable":true,"href":"https:\/\/wgphoto.pl\/t\/index.php?rest_route=%2Fwp%2Fv2%2Fcomments&post=14538"}],"version-history":[{"count":1,"href":"https:\/\/wgphoto.pl\/t\/index.php?rest_route=\/wp\/v2\/posts\/14538\/revisions"}],"predecessor-version":[{"id":14540,"href":"https:\/\/wgphoto.pl\/t\/index.php?rest_route=\/wp\/v2\/posts\/14538\/revisions\/14540"}],"wp:featuredmedia":[{"embeddable":true,"href":"https:\/\/wgphoto.pl\/t\/index.php?rest_route=\/wp\/v2\/media\/14539"}],"wp:attachment":[{"href":"https:\/\/wgphoto.pl\/t\/index.php?rest_route=%2Fwp%2Fv2%2Fmedia&parent=14538"}],"wp:term":[{"taxonomy":"category","embeddable":true,"href":"https:\/\/wgphoto.pl\/t\/index.php?rest_route=%2Fwp%2Fv2%2Fcategories&post=14538"},{"taxonomy":"post_tag","embeddable":true,"href":"https:\/\/wgphoto.pl\/t\/index.php?rest_route=%2Fwp%2Fv2%2Ftags&post=14538"}],"curies":[{"name":"wp","href":"https:\/\/api.w.org\/{rel}","templated":true}]}}