{"id":14541,"date":"2025-03-10T21:42:08","date_gmt":"2025-03-10T20:42:08","guid":{"rendered":"https:\/\/wgphoto.pl\/t\/?p=14541"},"modified":"2026-02-22T23:13:14","modified_gmt":"2026-02-22T22:13:14","slug":"platanina","status":"publish","type":"post","link":"https:\/\/wgphoto.pl\/t\/?p=14541","title":{"rendered":"Pl\u0105tanina"},"content":{"rendered":"\n<figure class=\"wp-block-image aligncenter size-full\"><img loading=\"lazy\" decoding=\"async\" width=\"1200\" height=\"795\" src=\"https:\/\/wgphoto.pl\/t\/wp-content\/uploads\/2025\/03\/IMGP1325.jpg\" alt=\"\" class=\"wp-image-14542\" srcset=\"https:\/\/wgphoto.pl\/t\/wp-content\/uploads\/2025\/03\/IMGP1325.jpg 1200w, https:\/\/wgphoto.pl\/t\/wp-content\/uploads\/2025\/03\/IMGP1325-300x199.jpg 300w, https:\/\/wgphoto.pl\/t\/wp-content\/uploads\/2025\/03\/IMGP1325-768x509.jpg 768w\" sizes=\"auto, (max-width: 1200px) 100vw, 1200px\" \/><\/figure>\n\n\n\n<div class=\"wp-block-group has-global-padding is-layout-constrained wp-block-group-is-layout-constrained\">\n<p>Po prawej skrawek zajezdni U-bahnu Wasserleitungswiese, po lewej tory stacji Wien Franz-Josefs-Bahnhof (w rejonie peron\u00f3w Spittelau, zbudowanych na p\u00f3\u0142nocnej g\u0142owicy, kilometr od peron\u00f3w czo\u0142owych, w celu integracji kolei z metrem), a \u015brodkiem przeje\u017cd\u017ca poci\u0105g linii U4. 24.12.2013<\/p>\n<\/div>\n","protected":false},"excerpt":{"rendered":"<p>Po prawej skrawek zajezdni U-bahnu Wasserleitungswiese, po lewej tory stacji Wien Franz-Josefs-Bahnhof (w rejonie peron\u00f3w Spittelau, zbudowanych na p\u00f3\u0142nocnej g\u0142owicy, kilometr od peron\u00f3w czo\u0142owych, w celu integracji kolei z metrem), a \u015brodkiem przeje\u017cd\u017ca poci\u0105g linii U4. 24.12.2013<\/p>\n","protected":false},"author":1,"featured_media":14542,"comment_status":"open","ping_status":"","sticky":false,"template":"","format":"standard","meta":{"footnotes":""},"categories":[4,55],"tags":[2863,9,99,4679,97,98],"class_list":["post-14541","post","type-post","status-publish","format-standard","has-post-thumbnail","hentry","category-metro","category-rok-2013","tag-2013-12-24","tag-austria","tag-u-bahn-wien","tag-v","tag-wieden","tag-wiener-linien"],"_links":{"self":[{"href":"https:\/\/wgphoto.pl\/t\/index.php?rest_route=\/wp\/v2\/posts\/14541","targetHints":{"allow":["GET"]}}],"collection":[{"href":"https:\/\/wgphoto.pl\/t\/index.php?rest_route=\/wp\/v2\/posts"}],"about":[{"href":"https:\/\/wgphoto.pl\/t\/index.php?rest_route=\/wp\/v2\/types\/post"}],"author":[{"embeddable":true,"href":"https:\/\/wgphoto.pl\/t\/index.php?rest_route=\/wp\/v2\/users\/1"}],"replies":[{"embeddable":true,"href":"https:\/\/wgphoto.pl\/t\/index.php?rest_route=%2Fwp%2Fv2%2Fcomments&post=14541"}],"version-history":[{"count":1,"href":"https:\/\/wgphoto.pl\/t\/index.php?rest_route=\/wp\/v2\/posts\/14541\/revisions"}],"predecessor-version":[{"id":14543,"href":"https:\/\/wgphoto.pl\/t\/index.php?rest_route=\/wp\/v2\/posts\/14541\/revisions\/14543"}],"wp:featuredmedia":[{"embeddable":true,"href":"https:\/\/wgphoto.pl\/t\/index.php?rest_route=\/wp\/v2\/media\/14542"}],"wp:attachment":[{"href":"https:\/\/wgphoto.pl\/t\/index.php?rest_route=%2Fwp%2Fv2%2Fmedia&parent=14541"}],"wp:term":[{"taxonomy":"category","embeddable":true,"href":"https:\/\/wgphoto.pl\/t\/index.php?rest_route=%2Fwp%2Fv2%2Fcategories&post=14541"},{"taxonomy":"post_tag","embeddable":true,"href":"https:\/\/wgphoto.pl\/t\/index.php?rest_route=%2Fwp%2Fv2%2Ftags&post=14541"}],"curies":[{"name":"wp","href":"https:\/\/api.w.org\/{rel}","templated":true}]}}