{"id":14550,"date":"2025-03-10T21:44:47","date_gmt":"2025-03-10T20:44:47","guid":{"rendered":"https:\/\/wgphoto.pl\/t\/?p=14550"},"modified":"2025-03-12T18:59:44","modified_gmt":"2025-03-12T17:59:44","slug":"powojenna-zabudowa","status":"publish","type":"post","link":"https:\/\/wgphoto.pl\/t\/?p=14550","title":{"rendered":"Powojenna zabudowa"},"content":{"rendered":"\n<figure class=\"wp-block-image aligncenter size-full\"><img loading=\"lazy\" decoding=\"async\" width=\"1200\" height=\"795\" src=\"https:\/\/wgphoto.pl\/t\/wp-content\/uploads\/2025\/03\/IMGP4588.jpg\" alt=\"\" class=\"wp-image-14551\" srcset=\"https:\/\/wgphoto.pl\/t\/wp-content\/uploads\/2025\/03\/IMGP4588.jpg 1200w, https:\/\/wgphoto.pl\/t\/wp-content\/uploads\/2025\/03\/IMGP4588-300x199.jpg 300w, https:\/\/wgphoto.pl\/t\/wp-content\/uploads\/2025\/03\/IMGP4588-768x509.jpg 768w\" sizes=\"auto, (max-width: 1200px) 100vw, 1200px\" \/><\/figure>\n\n\n\n<div class=\"wp-block-group has-global-padding is-layout-constrained wp-block-group-is-layout-constrained\">\n<p>Magdeburg mocno ucierpia\u0142 w czasie wojny, dlatego wzd\u0142u\u017c g\u0142\u00f3wnych ulic w centrum stoi wsp\u00f3\u0142czesna zabudowa. Za Zielon\u0105 Cytadela dostrzec mo\u017cna socrealistyczne klocki. Kiedy\u015b za\u0142aduj\u0119 jak\u0105\u015b d\u0142u\u017csz\u0105 seri\u0119 na ten temat, bo sporo jest w Magdeburgu ciekawej architektury. 2016-05-01<\/p>\n<\/div>\n","protected":false},"excerpt":{"rendered":"<p>Magdeburg mocno ucierpia\u0142 w czasie wojny, dlatego wzd\u0142u\u017c g\u0142\u00f3wnych ulic w centrum stoi wsp\u00f3\u0142czesna zabudowa. Za Zielon\u0105 Cytadela dostrzec mo\u017cna socrealistyczne klocki. Kiedy\u015b za\u0142aduj\u0119 jak\u0105\u015b d\u0142u\u017csz\u0105 seri\u0119 na ten temat, bo sporo jest w Magdeburgu ciekawej architektury. 2016-05-01<\/p>\n","protected":false},"author":1,"featured_media":14551,"comment_status":"open","ping_status":"","sticky":false,"template":"","format":"standard","meta":{"footnotes":""},"categories":[125,3],"tags":[1407,1408,34,1405,635,1406,23],"class_list":["post-14550","post","type-post","status-publish","format-standard","has-post-thumbnail","hentry","category-rok-2016","category-tramwaj","tag-2016-05-01","tag-alstom-citadis200","tag-architektura","tag-magdeburg","tag-majowka-2016","tag-mvb-magdeburg","tag-niemcy"],"_links":{"self":[{"href":"https:\/\/wgphoto.pl\/t\/index.php?rest_route=\/wp\/v2\/posts\/14550","targetHints":{"allow":["GET"]}}],"collection":[{"href":"https:\/\/wgphoto.pl\/t\/index.php?rest_route=\/wp\/v2\/posts"}],"about":[{"href":"https:\/\/wgphoto.pl\/t\/index.php?rest_route=\/wp\/v2\/types\/post"}],"author":[{"embeddable":true,"href":"https:\/\/wgphoto.pl\/t\/index.php?rest_route=\/wp\/v2\/users\/1"}],"replies":[{"embeddable":true,"href":"https:\/\/wgphoto.pl\/t\/index.php?rest_route=%2Fwp%2Fv2%2Fcomments&post=14550"}],"version-history":[{"count":1,"href":"https:\/\/wgphoto.pl\/t\/index.php?rest_route=\/wp\/v2\/posts\/14550\/revisions"}],"predecessor-version":[{"id":14552,"href":"https:\/\/wgphoto.pl\/t\/index.php?rest_route=\/wp\/v2\/posts\/14550\/revisions\/14552"}],"wp:featuredmedia":[{"embeddable":true,"href":"https:\/\/wgphoto.pl\/t\/index.php?rest_route=\/wp\/v2\/media\/14551"}],"wp:attachment":[{"href":"https:\/\/wgphoto.pl\/t\/index.php?rest_route=%2Fwp%2Fv2%2Fmedia&parent=14550"}],"wp:term":[{"taxonomy":"category","embeddable":true,"href":"https:\/\/wgphoto.pl\/t\/index.php?rest_route=%2Fwp%2Fv2%2Fcategories&post=14550"},{"taxonomy":"post_tag","embeddable":true,"href":"https:\/\/wgphoto.pl\/t\/index.php?rest_route=%2Fwp%2Fv2%2Ftags&post=14550"}],"curies":[{"name":"wp","href":"https:\/\/api.w.org\/{rel}","templated":true}]}}