{"id":14553,"date":"2025-03-11T18:09:00","date_gmt":"2025-03-11T17:09:00","guid":{"rendered":"https:\/\/wgphoto.pl\/t\/?p=14553"},"modified":"2025-03-11T18:09:00","modified_gmt":"2025-03-11T17:09:00","slug":"studenec","status":"publish","type":"post","link":"https:\/\/wgphoto.pl\/t\/?p=14553","title":{"rendered":"Studenec"},"content":{"rendered":"\n<figure class=\"wp-block-image aligncenter size-full\"><img loading=\"lazy\" decoding=\"async\" width=\"1200\" height=\"803\" src=\"https:\/\/wgphoto.pl\/t\/wp-content\/uploads\/2025\/03\/IMGP7816-2.jpg\" alt=\"\" class=\"wp-image-14555\" srcset=\"https:\/\/wgphoto.pl\/t\/wp-content\/uploads\/2025\/03\/IMGP7816-2.jpg 1200w, https:\/\/wgphoto.pl\/t\/wp-content\/uploads\/2025\/03\/IMGP7816-2-300x201.jpg 300w, https:\/\/wgphoto.pl\/t\/wp-content\/uploads\/2025\/03\/IMGP7816-2-768x514.jpg 768w\" sizes=\"auto, (max-width: 1200px) 100vw, 1200px\" \/><\/figure>\n\n\n\n<div class=\"wp-block-group has-global-padding is-layout-constrained wp-block-group-is-layout-constrained\">\n<p>Uwielbiam klimat takich sennych stacyjek w\u0119z\u0142owych, po\u0142o\u017conych w spokojnych wioseczkach, gdzie wieczorem s\u0142ycha\u0107 jedynie nios\u0105ce si\u0119 z dala dudnienie poci\u0105gu, kt\u00f3ry nadjedzie za kilka minut. Na krzy\u017cowanie z jednym z nich (a konkretniej dwoma: osobowym i pospiesznym, jad\u0105cymi w odst\u0119pie nieca\u0142ych 20 minut) oczekuje poci\u0105g osobowy 4887 relacji T\u0159eb\u00ed\u010d &#8211; N\u00e1m\u011b\u0161\u0165 nad Oslavou. Relacja ta zlokalizowana jest w sumie r\u00f3wnie\u017c po\u015brodku niczego, zapewnia bowiem odw\u00f3z z miasta powiatowego do miejscowo\u015bci oddalonych o 20 km (to tak jakby uruchomi\u0107 poci\u0105g z Z\u0105bkowic \u015al\u0105skich do Zi\u0119bic, zamiast do Wroc\u0142awia) oraz w w\u0119z\u0142owym Studencu umo\u017cliwia przesiadk\u0119 z lokalki z K\u0159i\u017eanova, dzi\u0119ki kt\u00f3rej si\u0119 tu znalaz\u0142em. 2010-09-14<\/p>\n<\/div>\n","protected":false},"excerpt":{"rendered":"<p>Uwielbiam klimat takich sennych stacyjek w\u0119z\u0142owych, po\u0142o\u017conych w spokojnych wioseczkach, gdzie wieczorem s\u0142ycha\u0107 jedynie nios\u0105ce si\u0119 z dala dudnienie poci\u0105gu, kt\u00f3ry nadjedzie za kilka minut. Na krzy\u017cowanie z jednym z nich (a konkretniej dwoma: osobowym i pospiesznym, jad\u0105cymi w odst\u0119pie nieca\u0142ych 20 minut) oczekuje poci\u0105g osobowy 4887 relacji T\u0159eb\u00ed\u010d &#8211; N\u00e1m\u011b\u0161\u0165 nad Oslavou. Relacja ta [&hellip;]<\/p>\n","protected":false},"author":1,"featured_media":14555,"comment_status":"open","ping_status":"","sticky":false,"template":"","format":"standard","meta":{"footnotes":""},"categories":[2,86],"tags":[1201,211,50,49,154,1355,1354],"class_list":["post-14553","post","type-post","status-publish","format-standard","has-post-thumbnail","hentry","category-kolej","category-rok-2010","tag-2010-09-14","tag-211","tag-cd","tag-czechy","tag-noc","tag-studenec","tag-tab-cz240"],"_links":{"self":[{"href":"https:\/\/wgphoto.pl\/t\/index.php?rest_route=\/wp\/v2\/posts\/14553","targetHints":{"allow":["GET"]}}],"collection":[{"href":"https:\/\/wgphoto.pl\/t\/index.php?rest_route=\/wp\/v2\/posts"}],"about":[{"href":"https:\/\/wgphoto.pl\/t\/index.php?rest_route=\/wp\/v2\/types\/post"}],"author":[{"embeddable":true,"href":"https:\/\/wgphoto.pl\/t\/index.php?rest_route=\/wp\/v2\/users\/1"}],"replies":[{"embeddable":true,"href":"https:\/\/wgphoto.pl\/t\/index.php?rest_route=%2Fwp%2Fv2%2Fcomments&post=14553"}],"version-history":[{"count":1,"href":"https:\/\/wgphoto.pl\/t\/index.php?rest_route=\/wp\/v2\/posts\/14553\/revisions"}],"predecessor-version":[{"id":14556,"href":"https:\/\/wgphoto.pl\/t\/index.php?rest_route=\/wp\/v2\/posts\/14553\/revisions\/14556"}],"wp:featuredmedia":[{"embeddable":true,"href":"https:\/\/wgphoto.pl\/t\/index.php?rest_route=\/wp\/v2\/media\/14555"}],"wp:attachment":[{"href":"https:\/\/wgphoto.pl\/t\/index.php?rest_route=%2Fwp%2Fv2%2Fmedia&parent=14553"}],"wp:term":[{"taxonomy":"category","embeddable":true,"href":"https:\/\/wgphoto.pl\/t\/index.php?rest_route=%2Fwp%2Fv2%2Fcategories&post=14553"},{"taxonomy":"post_tag","embeddable":true,"href":"https:\/\/wgphoto.pl\/t\/index.php?rest_route=%2Fwp%2Fv2%2Ftags&post=14553"}],"curies":[{"name":"wp","href":"https:\/\/api.w.org\/{rel}","templated":true}]}}