{"id":14557,"date":"2025-03-11T18:10:00","date_gmt":"2025-03-11T17:10:00","guid":{"rendered":"https:\/\/wgphoto.pl\/t\/?p=14557"},"modified":"2025-03-11T18:10:00","modified_gmt":"2025-03-11T17:10:00","slug":"blacha-kontra-plastik","status":"publish","type":"post","link":"https:\/\/wgphoto.pl\/t\/?p=14557","title":{"rendered":"Blacha kontra plastik"},"content":{"rendered":"\n<figure class=\"wp-block-image aligncenter size-full\"><img loading=\"lazy\" decoding=\"async\" width=\"1200\" height=\"795\" src=\"https:\/\/wgphoto.pl\/t\/wp-content\/uploads\/2025\/03\/IMGP7810.jpg\" alt=\"\" class=\"wp-image-14558\" srcset=\"https:\/\/wgphoto.pl\/t\/wp-content\/uploads\/2025\/03\/IMGP7810.jpg 1200w, https:\/\/wgphoto.pl\/t\/wp-content\/uploads\/2025\/03\/IMGP7810-300x199.jpg 300w, https:\/\/wgphoto.pl\/t\/wp-content\/uploads\/2025\/03\/IMGP7810-768x509.jpg 768w\" sizes=\"auto, (max-width: 1200px) 100vw, 1200px\" \/><\/figure>\n\n\n\n<div class=\"wp-block-group has-global-padding is-layout-constrained wp-block-group-is-layout-constrained\">\n<p>Poci\u0105g osobowy 4602 z B\u0159eclavi sko\u0144czy\u0142 bieg. Sk\u0142ad przyprowadzi\u0142a przedstawicielka mojej ulubionej serii czeskich lokomotyw, zwanych blaszakami (czes. plech\u00e1\u010d) z uwagi na stalowe poszycie pud\u0142a. Dziwne? Nie w Czechos\u0142owacji, gdzie laminatki wyposa\u017cono w elementy poszycia z tworzyw sztucznych, co w latach 60-tych, gdy te maszyny produkowano, by\u0142o ewenementem w skali \u015bwiatowej. W\u0142a\u015bciwie taki opis powinien si\u0119 pojawi\u0107 przy zdj\u0119ciu drugiej spo\u015br\u00f3d wspomnianych serii &#8211; b\u0119d\u0105 wi\u0119c dzisiaj dwie klatki. 14.09.2010<\/p>\n<\/div>\n","protected":false},"excerpt":{"rendered":"<p>Poci\u0105g osobowy 4602 z B\u0159eclavi sko\u0144czy\u0142 bieg. Sk\u0142ad przyprowadzi\u0142a przedstawicielka mojej ulubionej serii czeskich lokomotyw, zwanych blaszakami (czes. plech\u00e1\u010d) z uwagi na stalowe poszycie pud\u0142a. Dziwne? Nie w Czechos\u0142owacji, gdzie laminatki wyposa\u017cono w elementy poszycia z tworzyw sztucznych, co w latach 60-tych, gdy te maszyny produkowano, by\u0142o ewenementem w skali \u015bwiatowej. W\u0142a\u015bciwie taki opis powinien [&hellip;]<\/p>\n","protected":false},"author":1,"featured_media":14558,"comment_status":"open","ping_status":"","sticky":false,"template":"","format":"standard","meta":{"footnotes":""},"categories":[2,86],"tags":[1201,305,50,49,2584,2366],"class_list":["post-14557","post","type-post","status-publish","format-standard","has-post-thumbnail","hentry","category-kolej","category-rok-2010","tag-2010-09-14","tag-305","tag-cd","tag-czechy","tag-krizanov","tag-tab-cz250"],"_links":{"self":[{"href":"https:\/\/wgphoto.pl\/t\/index.php?rest_route=\/wp\/v2\/posts\/14557","targetHints":{"allow":["GET"]}}],"collection":[{"href":"https:\/\/wgphoto.pl\/t\/index.php?rest_route=\/wp\/v2\/posts"}],"about":[{"href":"https:\/\/wgphoto.pl\/t\/index.php?rest_route=\/wp\/v2\/types\/post"}],"author":[{"embeddable":true,"href":"https:\/\/wgphoto.pl\/t\/index.php?rest_route=\/wp\/v2\/users\/1"}],"replies":[{"embeddable":true,"href":"https:\/\/wgphoto.pl\/t\/index.php?rest_route=%2Fwp%2Fv2%2Fcomments&post=14557"}],"version-history":[{"count":1,"href":"https:\/\/wgphoto.pl\/t\/index.php?rest_route=\/wp\/v2\/posts\/14557\/revisions"}],"predecessor-version":[{"id":14559,"href":"https:\/\/wgphoto.pl\/t\/index.php?rest_route=\/wp\/v2\/posts\/14557\/revisions\/14559"}],"wp:featuredmedia":[{"embeddable":true,"href":"https:\/\/wgphoto.pl\/t\/index.php?rest_route=\/wp\/v2\/media\/14558"}],"wp:attachment":[{"href":"https:\/\/wgphoto.pl\/t\/index.php?rest_route=%2Fwp%2Fv2%2Fmedia&parent=14557"}],"wp:term":[{"taxonomy":"category","embeddable":true,"href":"https:\/\/wgphoto.pl\/t\/index.php?rest_route=%2Fwp%2Fv2%2Fcategories&post=14557"},{"taxonomy":"post_tag","embeddable":true,"href":"https:\/\/wgphoto.pl\/t\/index.php?rest_route=%2Fwp%2Fv2%2Ftags&post=14557"}],"curies":[{"name":"wp","href":"https:\/\/api.w.org\/{rel}","templated":true}]}}