{"id":14560,"date":"2025-03-11T18:10:53","date_gmt":"2025-03-11T17:10:53","guid":{"rendered":"https:\/\/wgphoto.pl\/t\/?p=14560"},"modified":"2025-03-11T18:10:53","modified_gmt":"2025-03-11T17:10:53","slug":"krizanov","status":"publish","type":"post","link":"https:\/\/wgphoto.pl\/t\/?p=14560","title":{"rendered":"K\u0159i\u017eanov"},"content":{"rendered":"\n<figure class=\"wp-block-image aligncenter size-full\"><img loading=\"lazy\" decoding=\"async\" width=\"1200\" height=\"803\" src=\"https:\/\/wgphoto.pl\/t\/wp-content\/uploads\/2025\/03\/IMGP7803-1.jpg\" alt=\"\" class=\"wp-image-14561\" srcset=\"https:\/\/wgphoto.pl\/t\/wp-content\/uploads\/2025\/03\/IMGP7803-1.jpg 1200w, https:\/\/wgphoto.pl\/t\/wp-content\/uploads\/2025\/03\/IMGP7803-1-300x201.jpg 300w, https:\/\/wgphoto.pl\/t\/wp-content\/uploads\/2025\/03\/IMGP7803-1-768x514.jpg 768w\" sizes=\"auto, (max-width: 1200px) 100vw, 1200px\" \/><\/figure>\n\n\n\n<div class=\"wp-block-group has-global-padding is-layout-constrained wp-block-group-is-layout-constrained\">\n<p>Laminatka w typowym dla tej serii odrapanym wydaniu mija K\u0159i\u017eanov &#8211; stacj\u0119 z nietypowymi jak na Czechy szerokimi peronami oraz budynkiem, kt\u00f3ry dzi\u0119ki balkonom bardziej wygl\u0105da jak kamienica ni\u017c budynek dworca. Sam budynek jest r\u00f3nie\u017c wyj\u0105tkowo okaza\u0142y, poniewa\u017c poza widocznymi kondygnacjami poni\u017cej znajduje si\u0119 jeszcze jedna lub dwie, gdy\u017c r\u00f3wnia stacyjna po\u0142o\u017cona jest na nasypie. Niewidoczna na zdj\u0119ciu kondygnacja skrywa wielk\u0105 i pust\u0105 poczekalni\u0119, stacja znajduje si\u0119 bowiem spory kawa\u0142ek od &#8222;centrum&#8221; 2-tysi\u0119cznego miasteczka. \u017ba\u0142uj\u0119, \u017ce nie zafoci\u0142em tej poczekalni ani budynku od strony podjazdu, ale mam pow\u00f3d by tam wr\u00f3ci\u0107. 14.09.2010<\/p>\n<\/div>\n","protected":false},"excerpt":{"rendered":"<p>Laminatka w typowym dla tej serii odrapanym wydaniu mija K\u0159i\u017eanov &#8211; stacj\u0119 z nietypowymi jak na Czechy szerokimi peronami oraz budynkiem, kt\u00f3ry dzi\u0119ki balkonom bardziej wygl\u0105da jak kamienica ni\u017c budynek dworca. Sam budynek jest r\u00f3nie\u017c wyj\u0105tkowo okaza\u0142y, poniewa\u017c poza widocznymi kondygnacjami poni\u017cej znajduje si\u0119 jeszcze jedna lub dwie, gdy\u017c r\u00f3wnia stacyjna po\u0142o\u017cona jest na nasypie. [&hellip;]<\/p>\n","protected":false},"author":1,"featured_media":14561,"comment_status":"open","ping_status":"","sticky":false,"template":"","format":"standard","meta":{"footnotes":""},"categories":[2,86],"tags":[1201,829,50,49,2584,2366],"class_list":["post-14560","post","type-post","status-publish","format-standard","has-post-thumbnail","hentry","category-kolej","category-rok-2010","tag-2010-09-14","tag-829","tag-cd","tag-czechy","tag-krizanov","tag-tab-cz250"],"_links":{"self":[{"href":"https:\/\/wgphoto.pl\/t\/index.php?rest_route=\/wp\/v2\/posts\/14560","targetHints":{"allow":["GET"]}}],"collection":[{"href":"https:\/\/wgphoto.pl\/t\/index.php?rest_route=\/wp\/v2\/posts"}],"about":[{"href":"https:\/\/wgphoto.pl\/t\/index.php?rest_route=\/wp\/v2\/types\/post"}],"author":[{"embeddable":true,"href":"https:\/\/wgphoto.pl\/t\/index.php?rest_route=\/wp\/v2\/users\/1"}],"replies":[{"embeddable":true,"href":"https:\/\/wgphoto.pl\/t\/index.php?rest_route=%2Fwp%2Fv2%2Fcomments&post=14560"}],"version-history":[{"count":1,"href":"https:\/\/wgphoto.pl\/t\/index.php?rest_route=\/wp\/v2\/posts\/14560\/revisions"}],"predecessor-version":[{"id":14562,"href":"https:\/\/wgphoto.pl\/t\/index.php?rest_route=\/wp\/v2\/posts\/14560\/revisions\/14562"}],"wp:featuredmedia":[{"embeddable":true,"href":"https:\/\/wgphoto.pl\/t\/index.php?rest_route=\/wp\/v2\/media\/14561"}],"wp:attachment":[{"href":"https:\/\/wgphoto.pl\/t\/index.php?rest_route=%2Fwp%2Fv2%2Fmedia&parent=14560"}],"wp:term":[{"taxonomy":"category","embeddable":true,"href":"https:\/\/wgphoto.pl\/t\/index.php?rest_route=%2Fwp%2Fv2%2Fcategories&post=14560"},{"taxonomy":"post_tag","embeddable":true,"href":"https:\/\/wgphoto.pl\/t\/index.php?rest_route=%2Fwp%2Fv2%2Ftags&post=14560"}],"curies":[{"name":"wp","href":"https:\/\/api.w.org\/{rel}","templated":true}]}}