{"id":14572,"date":"2025-03-11T18:14:44","date_gmt":"2025-03-11T17:14:44","guid":{"rendered":"https:\/\/wgphoto.pl\/t\/?p=14572"},"modified":"2025-03-11T18:14:44","modified_gmt":"2025-03-11T17:14:44","slug":"spojrzenie","status":"publish","type":"post","link":"https:\/\/wgphoto.pl\/t\/?p=14572","title":{"rendered":"Spojrzenie"},"content":{"rendered":"\n<figure class=\"wp-block-image aligncenter size-full\"><img loading=\"lazy\" decoding=\"async\" width=\"1200\" height=\"803\" src=\"https:\/\/wgphoto.pl\/t\/wp-content\/uploads\/2025\/03\/IMGP4798.jpg\" alt=\"\" class=\"wp-image-14573\" srcset=\"https:\/\/wgphoto.pl\/t\/wp-content\/uploads\/2025\/03\/IMGP4798.jpg 1200w, https:\/\/wgphoto.pl\/t\/wp-content\/uploads\/2025\/03\/IMGP4798-300x201.jpg 300w, https:\/\/wgphoto.pl\/t\/wp-content\/uploads\/2025\/03\/IMGP4798-768x514.jpg 768w\" sizes=\"auto, (max-width: 1200px) 100vw, 1200px\" \/><\/figure>\n\n\n\n<div class=\"wp-block-group has-global-padding is-layout-constrained wp-block-group-is-layout-constrained\">\n<p>Dnia, w kt\u00f3rym wybra\u0142em si\u0119 na zaliczenie lokalki z Hodon\u00edna do Zaje\u010d\u00ed, na pocz\u0105tkowym odcinku kursowa\u0142 akurat autobus zast\u0119pczy. Przesiadka na poci\u0105g na stacji \u010cej\u010d da\u0142a jednak okazj\u0119 na szybkie foto &#8211; niby nic, a jednak spojrzenie m\u0142odej holky dodaje &#8222;tego czego\u015b&#8221;. \ud83d\ude09 15.07.2013<\/p>\n<\/div>\n","protected":false},"excerpt":{"rendered":"<p>Dnia, w kt\u00f3rym wybra\u0142em si\u0119 na zaliczenie lokalki z Hodon\u00edna do Zaje\u010d\u00ed, na pocz\u0105tkowym odcinku kursowa\u0142 akurat autobus zast\u0119pczy. Przesiadka na poci\u0105g na stacji \u010cej\u010d da\u0142a jednak okazj\u0119 na szybkie foto &#8211; niby nic, a jednak spojrzenie m\u0142odej holky dodaje &#8222;tego czego\u015b&#8221;. \ud83d\ude09 15.07.2013<\/p>\n","protected":false},"author":1,"featured_media":14573,"comment_status":"open","ping_status":"","sticky":false,"template":"","format":"standard","meta":{"footnotes":""},"categories":[2,55],"tags":[816,92,50,3471,49,196,151,1186,3472],"class_list":["post-14572","post","type-post","status-publish","format-standard","has-post-thumbnail","hentry","category-kolej","category-rok-2013","tag-2013-07-15","tag-92","tag-cd","tag-cejc","tag-czechy","tag-linie-raczej-lokalne","tag-ludzie","tag-na-wsiadanego","tag-tab-cz255"],"_links":{"self":[{"href":"https:\/\/wgphoto.pl\/t\/index.php?rest_route=\/wp\/v2\/posts\/14572","targetHints":{"allow":["GET"]}}],"collection":[{"href":"https:\/\/wgphoto.pl\/t\/index.php?rest_route=\/wp\/v2\/posts"}],"about":[{"href":"https:\/\/wgphoto.pl\/t\/index.php?rest_route=\/wp\/v2\/types\/post"}],"author":[{"embeddable":true,"href":"https:\/\/wgphoto.pl\/t\/index.php?rest_route=\/wp\/v2\/users\/1"}],"replies":[{"embeddable":true,"href":"https:\/\/wgphoto.pl\/t\/index.php?rest_route=%2Fwp%2Fv2%2Fcomments&post=14572"}],"version-history":[{"count":1,"href":"https:\/\/wgphoto.pl\/t\/index.php?rest_route=\/wp\/v2\/posts\/14572\/revisions"}],"predecessor-version":[{"id":14574,"href":"https:\/\/wgphoto.pl\/t\/index.php?rest_route=\/wp\/v2\/posts\/14572\/revisions\/14574"}],"wp:featuredmedia":[{"embeddable":true,"href":"https:\/\/wgphoto.pl\/t\/index.php?rest_route=\/wp\/v2\/media\/14573"}],"wp:attachment":[{"href":"https:\/\/wgphoto.pl\/t\/index.php?rest_route=%2Fwp%2Fv2%2Fmedia&parent=14572"}],"wp:term":[{"taxonomy":"category","embeddable":true,"href":"https:\/\/wgphoto.pl\/t\/index.php?rest_route=%2Fwp%2Fv2%2Fcategories&post=14572"},{"taxonomy":"post_tag","embeddable":true,"href":"https:\/\/wgphoto.pl\/t\/index.php?rest_route=%2Fwp%2Fv2%2Ftags&post=14572"}],"curies":[{"name":"wp","href":"https:\/\/api.w.org\/{rel}","templated":true}]}}