{"id":14575,"date":"2025-03-11T18:15:42","date_gmt":"2025-03-11T17:15:42","guid":{"rendered":"https:\/\/wgphoto.pl\/t\/?p=14575"},"modified":"2025-03-11T18:15:42","modified_gmt":"2025-03-11T17:15:42","slug":"bez-pospiechu","status":"publish","type":"post","link":"https:\/\/wgphoto.pl\/t\/?p=14575","title":{"rendered":"Bez po\u015bpiechu"},"content":{"rendered":"\n<figure class=\"wp-block-image aligncenter size-full\"><img loading=\"lazy\" decoding=\"async\" width=\"1200\" height=\"803\" src=\"https:\/\/wgphoto.pl\/t\/wp-content\/uploads\/2025\/03\/IMGP4800.jpg\" alt=\"\" class=\"wp-image-14576\" srcset=\"https:\/\/wgphoto.pl\/t\/wp-content\/uploads\/2025\/03\/IMGP4800.jpg 1200w, https:\/\/wgphoto.pl\/t\/wp-content\/uploads\/2025\/03\/IMGP4800-300x201.jpg 300w, https:\/\/wgphoto.pl\/t\/wp-content\/uploads\/2025\/03\/IMGP4800-768x514.jpg 768w\" sizes=\"auto, (max-width: 1200px) 100vw, 1200px\" \/><\/figure>\n\n\n\n<div class=\"wp-block-group has-global-padding is-layout-constrained wp-block-group-is-layout-constrained\">\n<p>Kolejnym punktem programu mia\u0142o by\u0107 krzy\u017cowanie na stacyjce Kobyl\u00ed na Morav\u011b. Plan uda\u0142o si\u0119 zrealizowa\u0107, ale z powodu braku kr\u00f3tkiego zooma pod r\u0119k\u0105 w kadrze znalaz\u0142y si\u0119 tylko dwa motoraki, bez &#8222;motywu ludzkiego&#8221;, a to on wnosi tu najwi\u0119cej. Kilkuminutowy post\u00f3j pozwoli\u0142 obs\u0142udze poci\u0105gu och\u0142odzi\u0107 si\u0119 w cieniu drzewa (cz\u0142owiek w podkoszulku to maszynista) oraz zamieni\u0107 par\u0119 s\u0142\u00f3w z tubylcami &#8211; typowy klimat lokalki. 15.07.2013<\/p>\n<\/div>\n","protected":false},"excerpt":{"rendered":"<p>Kolejnym punktem programu mia\u0142o by\u0107 krzy\u017cowanie na stacyjce Kobyl\u00ed na Morav\u011b. Plan uda\u0142o si\u0119 zrealizowa\u0107, ale z powodu braku kr\u00f3tkiego zooma pod r\u0119k\u0105 w kadrze znalaz\u0142y si\u0119 tylko dwa motoraki, bez &#8222;motywu ludzkiego&#8221;, a to on wnosi tu najwi\u0119cej. Kilkuminutowy post\u00f3j pozwoli\u0142 obs\u0142udze poci\u0105gu och\u0142odzi\u0107 si\u0119 w cieniu drzewa (cz\u0142owiek w podkoszulku to maszynista) oraz [&hellip;]<\/p>\n","protected":false},"author":1,"featured_media":14576,"comment_status":"open","ping_status":"","sticky":false,"template":"","format":"standard","meta":{"footnotes":""},"categories":[2,55],"tags":[816,92,50,49,3473,196,3472],"class_list":["post-14575","post","type-post","status-publish","format-standard","has-post-thumbnail","hentry","category-kolej","category-rok-2013","tag-2013-07-15","tag-92","tag-cd","tag-czechy","tag-kobyli-na-morave","tag-linie-raczej-lokalne","tag-tab-cz255"],"_links":{"self":[{"href":"https:\/\/wgphoto.pl\/t\/index.php?rest_route=\/wp\/v2\/posts\/14575","targetHints":{"allow":["GET"]}}],"collection":[{"href":"https:\/\/wgphoto.pl\/t\/index.php?rest_route=\/wp\/v2\/posts"}],"about":[{"href":"https:\/\/wgphoto.pl\/t\/index.php?rest_route=\/wp\/v2\/types\/post"}],"author":[{"embeddable":true,"href":"https:\/\/wgphoto.pl\/t\/index.php?rest_route=\/wp\/v2\/users\/1"}],"replies":[{"embeddable":true,"href":"https:\/\/wgphoto.pl\/t\/index.php?rest_route=%2Fwp%2Fv2%2Fcomments&post=14575"}],"version-history":[{"count":1,"href":"https:\/\/wgphoto.pl\/t\/index.php?rest_route=\/wp\/v2\/posts\/14575\/revisions"}],"predecessor-version":[{"id":14577,"href":"https:\/\/wgphoto.pl\/t\/index.php?rest_route=\/wp\/v2\/posts\/14575\/revisions\/14577"}],"wp:featuredmedia":[{"embeddable":true,"href":"https:\/\/wgphoto.pl\/t\/index.php?rest_route=\/wp\/v2\/media\/14576"}],"wp:attachment":[{"href":"https:\/\/wgphoto.pl\/t\/index.php?rest_route=%2Fwp%2Fv2%2Fmedia&parent=14575"}],"wp:term":[{"taxonomy":"category","embeddable":true,"href":"https:\/\/wgphoto.pl\/t\/index.php?rest_route=%2Fwp%2Fv2%2Fcategories&post=14575"},{"taxonomy":"post_tag","embeddable":true,"href":"https:\/\/wgphoto.pl\/t\/index.php?rest_route=%2Fwp%2Fv2%2Ftags&post=14575"}],"curies":[{"name":"wp","href":"https:\/\/api.w.org\/{rel}","templated":true}]}}