{"id":14585,"date":"2025-03-11T18:18:54","date_gmt":"2025-03-11T17:18:54","guid":{"rendered":"https:\/\/wgphoto.pl\/t\/?p=14585"},"modified":"2025-03-11T18:18:54","modified_gmt":"2025-03-11T17:18:54","slug":"bez-pradu-2","status":"publish","type":"post","link":"https:\/\/wgphoto.pl\/t\/?p=14585","title":{"rendered":"Bez pr\u0105du (2)"},"content":{"rendered":"\n<figure class=\"wp-block-image aligncenter size-full\"><img loading=\"lazy\" decoding=\"async\" width=\"1200\" height=\"795\" src=\"https:\/\/wgphoto.pl\/t\/wp-content\/uploads\/2025\/03\/IMGP0314.jpg\" alt=\"\" class=\"wp-image-14586\" srcset=\"https:\/\/wgphoto.pl\/t\/wp-content\/uploads\/2025\/03\/IMGP0314.jpg 1200w, https:\/\/wgphoto.pl\/t\/wp-content\/uploads\/2025\/03\/IMGP0314-300x199.jpg 300w, https:\/\/wgphoto.pl\/t\/wp-content\/uploads\/2025\/03\/IMGP0314-768x509.jpg 768w\" sizes=\"auto, (max-width: 1200px) 100vw, 1200px\" \/><\/figure>\n\n\n\n<div class=\"wp-block-group has-global-padding is-layout-constrained wp-block-group-is-layout-constrained\">\n<p>Panuje w tym kadrze lekki ba\u0142agan, a maj\u0105cy by\u0107 tematem zdj\u0119cia budynek dworca o interesuj\u0105cej, acz przyt\u0142aczaj\u0105cej architekturze jest kiepsko widoczny, ale zdecydowa\u0142em si\u0119 na prezentacj\u0119 tego knota z uwagi na dobrze widoczn\u0105 i typow\u0105 dla Czech\u00f3w sytuacj\u0119 bezpr\u0105dowej jazdy na g\u0142owicy rozjazdowej podczas manewr\u00f3w. 14.04.2011<\/p>\n<\/div>\n","protected":false},"excerpt":{"rendered":"<p>Panuje w tym kadrze lekki ba\u0142agan, a maj\u0105cy by\u0107 tematem zdj\u0119cia budynek dworca o interesuj\u0105cej, acz przyt\u0142aczaj\u0105cej architekturze jest kiepsko widoczny, ale zdecydowa\u0142em si\u0119 na prezentacj\u0119 tego knota z uwagi na dobrze widoczn\u0105 i typow\u0105 dla Czech\u00f3w sytuacj\u0119 bezpr\u0105dowej jazdy na g\u0142owicy rozjazdowej podczas manewr\u00f3w. 14.04.2011<\/p>\n","protected":false},"author":1,"featured_media":14586,"comment_status":"open","ping_status":"","sticky":false,"template":"","format":"standard","meta":{"footnotes":""},"categories":[2,77],"tags":[456,305,50,49,3474,522],"class_list":["post-14585","post","type-post","status-publish","format-standard","has-post-thumbnail","hentry","category-kolej","category-rok-2011","tag-2011-04-14","tag-305","tag-cd","tag-czechy","tag-klatovy","tag-tab-cz183"],"_links":{"self":[{"href":"https:\/\/wgphoto.pl\/t\/index.php?rest_route=\/wp\/v2\/posts\/14585","targetHints":{"allow":["GET"]}}],"collection":[{"href":"https:\/\/wgphoto.pl\/t\/index.php?rest_route=\/wp\/v2\/posts"}],"about":[{"href":"https:\/\/wgphoto.pl\/t\/index.php?rest_route=\/wp\/v2\/types\/post"}],"author":[{"embeddable":true,"href":"https:\/\/wgphoto.pl\/t\/index.php?rest_route=\/wp\/v2\/users\/1"}],"replies":[{"embeddable":true,"href":"https:\/\/wgphoto.pl\/t\/index.php?rest_route=%2Fwp%2Fv2%2Fcomments&post=14585"}],"version-history":[{"count":1,"href":"https:\/\/wgphoto.pl\/t\/index.php?rest_route=\/wp\/v2\/posts\/14585\/revisions"}],"predecessor-version":[{"id":14587,"href":"https:\/\/wgphoto.pl\/t\/index.php?rest_route=\/wp\/v2\/posts\/14585\/revisions\/14587"}],"wp:featuredmedia":[{"embeddable":true,"href":"https:\/\/wgphoto.pl\/t\/index.php?rest_route=\/wp\/v2\/media\/14586"}],"wp:attachment":[{"href":"https:\/\/wgphoto.pl\/t\/index.php?rest_route=%2Fwp%2Fv2%2Fmedia&parent=14585"}],"wp:term":[{"taxonomy":"category","embeddable":true,"href":"https:\/\/wgphoto.pl\/t\/index.php?rest_route=%2Fwp%2Fv2%2Fcategories&post=14585"},{"taxonomy":"post_tag","embeddable":true,"href":"https:\/\/wgphoto.pl\/t\/index.php?rest_route=%2Fwp%2Fv2%2Ftags&post=14585"}],"curies":[{"name":"wp","href":"https:\/\/api.w.org\/{rel}","templated":true}]}}