{"id":14594,"date":"2025-03-11T18:21:20","date_gmt":"2025-03-11T17:21:20","guid":{"rendered":"https:\/\/wgphoto.pl\/t\/?p=14594"},"modified":"2025-03-11T18:21:20","modified_gmt":"2025-03-11T17:21:20","slug":"dobre-rano-3","status":"publish","type":"post","link":"https:\/\/wgphoto.pl\/t\/?p=14594","title":{"rendered":"Dobr\u00e9 r\u00e1no!"},"content":{"rendered":"\n<figure class=\"wp-block-image aligncenter size-full\"><img loading=\"lazy\" decoding=\"async\" width=\"1200\" height=\"803\" src=\"https:\/\/wgphoto.pl\/t\/wp-content\/uploads\/2025\/03\/IMGP0020.jpg\" alt=\"\" class=\"wp-image-14595\" srcset=\"https:\/\/wgphoto.pl\/t\/wp-content\/uploads\/2025\/03\/IMGP0020.jpg 1200w, https:\/\/wgphoto.pl\/t\/wp-content\/uploads\/2025\/03\/IMGP0020-300x201.jpg 300w, https:\/\/wgphoto.pl\/t\/wp-content\/uploads\/2025\/03\/IMGP0020-768x514.jpg 768w\" sizes=\"auto, (max-width: 1200px) 100vw, 1200px\" \/><\/figure>\n\n\n\n<div class=\"wp-block-group has-global-padding is-layout-constrained wp-block-group-is-layout-constrained\">\n<p>Poranny rychl\u00edk 846 z Trutnova do Pragi, prowadzony nurkiem 754 051-1, mija semafor wjazdowy do \u010cerven\u00e9ho Kostelce. Efekty akustyczne &#8211; echo nios\u0105ce si\u0119 po ca\u0142ej dolinie &#8211; by\u0142y jeszcze lepsze od wizualnych. 27.09.2009<\/p>\n<\/div>\n","protected":false},"excerpt":{"rendered":"<p>Poranny rychl\u00edk 846 z Trutnova do Pragi, prowadzony nurkiem 754 051-1, mija semafor wjazdowy do \u010cerven\u00e9ho Kostelce. Efekty akustyczne &#8211; echo nios\u0105ce si\u0119 po ca\u0142ej dolinie &#8211; by\u0142y jeszcze lepsze od wizualnych. 27.09.2009<\/p>\n","protected":false},"author":1,"featured_media":14595,"comment_status":"open","ping_status":"","sticky":false,"template":"","format":"standard","meta":{"footnotes":""},"categories":[2,169],"tags":[2034,335,50,2035,49,821,176,53,1917],"class_list":["post-14594","post","type-post","status-publish","format-standard","has-post-thumbnail","hentry","category-kolej","category-rok-2009","tag-2009-09-27","tag-335","tag-cd","tag-cerveny-kostelec","tag-czechy","tag-mgla","tag-rano","tag-sygnalizacja-ksztaltowa","tag-tab-cz032"],"_links":{"self":[{"href":"https:\/\/wgphoto.pl\/t\/index.php?rest_route=\/wp\/v2\/posts\/14594","targetHints":{"allow":["GET"]}}],"collection":[{"href":"https:\/\/wgphoto.pl\/t\/index.php?rest_route=\/wp\/v2\/posts"}],"about":[{"href":"https:\/\/wgphoto.pl\/t\/index.php?rest_route=\/wp\/v2\/types\/post"}],"author":[{"embeddable":true,"href":"https:\/\/wgphoto.pl\/t\/index.php?rest_route=\/wp\/v2\/users\/1"}],"replies":[{"embeddable":true,"href":"https:\/\/wgphoto.pl\/t\/index.php?rest_route=%2Fwp%2Fv2%2Fcomments&post=14594"}],"version-history":[{"count":1,"href":"https:\/\/wgphoto.pl\/t\/index.php?rest_route=\/wp\/v2\/posts\/14594\/revisions"}],"predecessor-version":[{"id":14596,"href":"https:\/\/wgphoto.pl\/t\/index.php?rest_route=\/wp\/v2\/posts\/14594\/revisions\/14596"}],"wp:featuredmedia":[{"embeddable":true,"href":"https:\/\/wgphoto.pl\/t\/index.php?rest_route=\/wp\/v2\/media\/14595"}],"wp:attachment":[{"href":"https:\/\/wgphoto.pl\/t\/index.php?rest_route=%2Fwp%2Fv2%2Fmedia&parent=14594"}],"wp:term":[{"taxonomy":"category","embeddable":true,"href":"https:\/\/wgphoto.pl\/t\/index.php?rest_route=%2Fwp%2Fv2%2Fcategories&post=14594"},{"taxonomy":"post_tag","embeddable":true,"href":"https:\/\/wgphoto.pl\/t\/index.php?rest_route=%2Fwp%2Fv2%2Ftags&post=14594"}],"curies":[{"name":"wp","href":"https:\/\/api.w.org\/{rel}","templated":true}]}}