{"id":14600,"date":"2025-03-12T18:24:58","date_gmt":"2025-03-12T17:24:58","guid":{"rendered":"https:\/\/wgphoto.pl\/t\/?p=14600"},"modified":"2025-03-12T18:24:58","modified_gmt":"2025-03-12T17:24:58","slug":"poczatki","status":"publish","type":"post","link":"https:\/\/wgphoto.pl\/t\/?p=14600","title":{"rendered":"Pocz\u0105tki"},"content":{"rendered":"\n<figure class=\"wp-block-image aligncenter size-full\"><img loading=\"lazy\" decoding=\"async\" width=\"600\" height=\"900\" src=\"https:\/\/wgphoto.pl\/t\/wp-content\/uploads\/2025\/03\/2002x-08a.jpg\" alt=\"\" class=\"wp-image-14601\" srcset=\"https:\/\/wgphoto.pl\/t\/wp-content\/uploads\/2025\/03\/2002x-08a.jpg 600w, https:\/\/wgphoto.pl\/t\/wp-content\/uploads\/2025\/03\/2002x-08a-200x300.jpg 200w\" sizes=\"auto, (max-width: 600px) 100vw, 600px\" \/><\/figure>\n\n\n\n<div class=\"wp-block-group has-global-padding is-layout-constrained wp-block-group-is-layout-constrained\">\n<p>Poci\u0105g osobowy 322 z Mi\u0119dzylesia do Wroc\u0142awia G\u0142\u00f3wnego zbli\u017ca si\u0119 do celu. To jeden z moich pierwszych \u015bwiadomych kadr\u00f3w, gdzie kombinatoryka z kocimi \u0142bami oraz jesiennym otoczeniem by\u0142a w pe\u0142ni zamierzona. 10.10.2002<\/p>\n<\/div>\n","protected":false},"excerpt":{"rendered":"<p>Poci\u0105g osobowy 322 z Mi\u0119dzylesia do Wroc\u0142awia G\u0142\u00f3wnego zbli\u017ca si\u0119 do celu. To jeden z moich pierwszych \u015bwiadomych kadr\u00f3w, gdzie kombinatoryka z kocimi \u0142bami oraz jesiennym otoczeniem by\u0142a w pe\u0142ni zamierzona. 10.10.2002<\/p>\n","protected":false},"author":1,"featured_media":14601,"comment_status":"open","ping_status":"","sticky":false,"template":"","format":"standard","meta":{"footnotes":""},"categories":[62,2,577],"tags":[3476,122,126,63,1701,27,905,383,41,180],"class_list":["post-14600","post","type-post","status-publish","format-standard","has-post-thumbnail","hentry","category-analog","category-kolej","category-rok-2002","tag-2002-10-10","tag-eu07","tag-jesien","tag-pkp","tag-podg-lamowice","tag-polska","tag-przez","tag-tab-pl230","tag-wroclaw","tag-wroclaw-glowny"],"_links":{"self":[{"href":"https:\/\/wgphoto.pl\/t\/index.php?rest_route=\/wp\/v2\/posts\/14600","targetHints":{"allow":["GET"]}}],"collection":[{"href":"https:\/\/wgphoto.pl\/t\/index.php?rest_route=\/wp\/v2\/posts"}],"about":[{"href":"https:\/\/wgphoto.pl\/t\/index.php?rest_route=\/wp\/v2\/types\/post"}],"author":[{"embeddable":true,"href":"https:\/\/wgphoto.pl\/t\/index.php?rest_route=\/wp\/v2\/users\/1"}],"replies":[{"embeddable":true,"href":"https:\/\/wgphoto.pl\/t\/index.php?rest_route=%2Fwp%2Fv2%2Fcomments&post=14600"}],"version-history":[{"count":1,"href":"https:\/\/wgphoto.pl\/t\/index.php?rest_route=\/wp\/v2\/posts\/14600\/revisions"}],"predecessor-version":[{"id":14602,"href":"https:\/\/wgphoto.pl\/t\/index.php?rest_route=\/wp\/v2\/posts\/14600\/revisions\/14602"}],"wp:featuredmedia":[{"embeddable":true,"href":"https:\/\/wgphoto.pl\/t\/index.php?rest_route=\/wp\/v2\/media\/14601"}],"wp:attachment":[{"href":"https:\/\/wgphoto.pl\/t\/index.php?rest_route=%2Fwp%2Fv2%2Fmedia&parent=14600"}],"wp:term":[{"taxonomy":"category","embeddable":true,"href":"https:\/\/wgphoto.pl\/t\/index.php?rest_route=%2Fwp%2Fv2%2Fcategories&post=14600"},{"taxonomy":"post_tag","embeddable":true,"href":"https:\/\/wgphoto.pl\/t\/index.php?rest_route=%2Fwp%2Fv2%2Ftags&post=14600"}],"curies":[{"name":"wp","href":"https:\/\/api.w.org\/{rel}","templated":true}]}}