{"id":14603,"date":"2025-03-12T18:26:01","date_gmt":"2025-03-12T17:26:01","guid":{"rendered":"https:\/\/wgphoto.pl\/t\/?p=14603"},"modified":"2025-03-12T18:26:01","modified_gmt":"2025-03-12T17:26:01","slug":"pomaranczowy-prestiz","status":"publish","type":"post","link":"https:\/\/wgphoto.pl\/t\/?p=14603","title":{"rendered":"Pomara\u0144czowy presti\u017c"},"content":{"rendered":"\n<figure class=\"wp-block-image aligncenter size-full\"><img loading=\"lazy\" decoding=\"async\" width=\"600\" height=\"900\" src=\"https:\/\/wgphoto.pl\/t\/wp-content\/uploads\/2025\/03\/0315-10.jpg\" alt=\"\" class=\"wp-image-14604\" srcset=\"https:\/\/wgphoto.pl\/t\/wp-content\/uploads\/2025\/03\/0315-10.jpg 600w, https:\/\/wgphoto.pl\/t\/wp-content\/uploads\/2025\/03\/0315-10-200x300.jpg 200w\" sizes=\"auto, (max-width: 600px) 100vw, 600px\" \/><\/figure>\n\n\n\n<div class=\"wp-block-group has-global-padding is-layout-constrained wp-block-group-is-layout-constrained\">\n<p>EP08-007 z ekspresem 1612 &#8222;S\u0142owacki&#8221; z Warszawy Wsch. do Wroc\u0142awia G\u0142. pokonuje most na Odrze w obr\u0119bie stacji Wroc\u0142aw Popowice. 22.05.2003<\/p>\n<\/div>\n","protected":false},"excerpt":{"rendered":"<p>EP08-007 z ekspresem 1612 &#8222;S\u0142owacki&#8221; z Warszawy Wsch. do Wroc\u0142awia G\u0142. pokonuje most na Odrze w obr\u0119bie stacji Wroc\u0142aw Popowice. 22.05.2003<\/p>\n","protected":false},"author":1,"featured_media":14604,"comment_status":"open","ping_status":"","sticky":false,"template":"","format":"standard","meta":{"footnotes":""},"categories":[62,2,128,149],"tags":[3477,225,45,63,27,190,41,75],"class_list":["post-14603","post","type-post","status-publish","format-standard","has-post-thumbnail","hentry","category-analog","category-kolej","category-pionowe","category-rok-2003","tag-2003-05-22","tag-ep08","tag-most","tag-pkp","tag-polska","tag-tab-pl330","tag-wroclaw","tag-wroclaw-popowice"],"_links":{"self":[{"href":"https:\/\/wgphoto.pl\/t\/index.php?rest_route=\/wp\/v2\/posts\/14603","targetHints":{"allow":["GET"]}}],"collection":[{"href":"https:\/\/wgphoto.pl\/t\/index.php?rest_route=\/wp\/v2\/posts"}],"about":[{"href":"https:\/\/wgphoto.pl\/t\/index.php?rest_route=\/wp\/v2\/types\/post"}],"author":[{"embeddable":true,"href":"https:\/\/wgphoto.pl\/t\/index.php?rest_route=\/wp\/v2\/users\/1"}],"replies":[{"embeddable":true,"href":"https:\/\/wgphoto.pl\/t\/index.php?rest_route=%2Fwp%2Fv2%2Fcomments&post=14603"}],"version-history":[{"count":1,"href":"https:\/\/wgphoto.pl\/t\/index.php?rest_route=\/wp\/v2\/posts\/14603\/revisions"}],"predecessor-version":[{"id":14605,"href":"https:\/\/wgphoto.pl\/t\/index.php?rest_route=\/wp\/v2\/posts\/14603\/revisions\/14605"}],"wp:featuredmedia":[{"embeddable":true,"href":"https:\/\/wgphoto.pl\/t\/index.php?rest_route=\/wp\/v2\/media\/14604"}],"wp:attachment":[{"href":"https:\/\/wgphoto.pl\/t\/index.php?rest_route=%2Fwp%2Fv2%2Fmedia&parent=14603"}],"wp:term":[{"taxonomy":"category","embeddable":true,"href":"https:\/\/wgphoto.pl\/t\/index.php?rest_route=%2Fwp%2Fv2%2Fcategories&post=14603"},{"taxonomy":"post_tag","embeddable":true,"href":"https:\/\/wgphoto.pl\/t\/index.php?rest_route=%2Fwp%2Fv2%2Ftags&post=14603"}],"curies":[{"name":"wp","href":"https:\/\/api.w.org\/{rel}","templated":true}]}}