{"id":14615,"date":"2025-03-12T18:29:49","date_gmt":"2025-03-12T17:29:49","guid":{"rendered":"https:\/\/wgphoto.pl\/t\/?p=14615"},"modified":"2025-03-12T18:29:49","modified_gmt":"2025-03-12T17:29:49","slug":"pomaranczowy-prestiz-2","status":"publish","type":"post","link":"https:\/\/wgphoto.pl\/t\/?p=14615","title":{"rendered":"Pomara\u0144czowy presti\u017c (2)"},"content":{"rendered":"\n<figure class=\"wp-block-image aligncenter size-full\"><img loading=\"lazy\" decoding=\"async\" width=\"1200\" height=\"800\" src=\"https:\/\/wgphoto.pl\/t\/wp-content\/uploads\/2025\/03\/dscf6553.jpg\" alt=\"\" class=\"wp-image-14616\" srcset=\"https:\/\/wgphoto.pl\/t\/wp-content\/uploads\/2025\/03\/dscf6553.jpg 1200w, https:\/\/wgphoto.pl\/t\/wp-content\/uploads\/2025\/03\/dscf6553-300x200.jpg 300w, https:\/\/wgphoto.pl\/t\/wp-content\/uploads\/2025\/03\/dscf6553-768x512.jpg 768w\" sizes=\"auto, (max-width: 1200px) 100vw, 1200px\" \/><\/figure>\n\n\n\n<div class=\"wp-block-group has-global-padding is-layout-constrained wp-block-group-is-layout-constrained\">\n<p>W zasadzie wszystko na tym zdj\u0119ciu jest histori\u0105, stacja doczeka\u0142a si\u0119 bowiem modernizacji, konstrukcje most\u00f3w wymieniono, lokomotywa pewnie te\u017c tak nie wygl\u0105da, o ile w og\u00f3le jako\u015b wygl\u0105da. 30.03.2008<\/p>\n<\/div>\n","protected":false},"excerpt":{"rendered":"<p>W zasadzie wszystko na tym zdj\u0119ciu jest histori\u0105, stacja doczeka\u0142a si\u0119 bowiem modernizacji, konstrukcje most\u00f3w wymieniono, lokomotywa pewnie te\u017c tak nie wygl\u0105da, o ile w og\u00f3le jako\u015b wygl\u0105da. 30.03.2008<\/p>\n","protected":false},"author":1,"featured_media":14616,"comment_status":"open","ping_status":"","sticky":false,"template":"","format":"standard","meta":{"footnotes":""},"categories":[2,120],"tags":[3481,225,45,63,27,190,41,75],"class_list":["post-14615","post","type-post","status-publish","format-standard","has-post-thumbnail","hentry","category-kolej","category-rok-2008","tag-2008-03-30","tag-ep08","tag-most","tag-pkp","tag-polska","tag-tab-pl330","tag-wroclaw","tag-wroclaw-popowice"],"_links":{"self":[{"href":"https:\/\/wgphoto.pl\/t\/index.php?rest_route=\/wp\/v2\/posts\/14615","targetHints":{"allow":["GET"]}}],"collection":[{"href":"https:\/\/wgphoto.pl\/t\/index.php?rest_route=\/wp\/v2\/posts"}],"about":[{"href":"https:\/\/wgphoto.pl\/t\/index.php?rest_route=\/wp\/v2\/types\/post"}],"author":[{"embeddable":true,"href":"https:\/\/wgphoto.pl\/t\/index.php?rest_route=\/wp\/v2\/users\/1"}],"replies":[{"embeddable":true,"href":"https:\/\/wgphoto.pl\/t\/index.php?rest_route=%2Fwp%2Fv2%2Fcomments&post=14615"}],"version-history":[{"count":1,"href":"https:\/\/wgphoto.pl\/t\/index.php?rest_route=\/wp\/v2\/posts\/14615\/revisions"}],"predecessor-version":[{"id":14617,"href":"https:\/\/wgphoto.pl\/t\/index.php?rest_route=\/wp\/v2\/posts\/14615\/revisions\/14617"}],"wp:featuredmedia":[{"embeddable":true,"href":"https:\/\/wgphoto.pl\/t\/index.php?rest_route=\/wp\/v2\/media\/14616"}],"wp:attachment":[{"href":"https:\/\/wgphoto.pl\/t\/index.php?rest_route=%2Fwp%2Fv2%2Fmedia&parent=14615"}],"wp:term":[{"taxonomy":"category","embeddable":true,"href":"https:\/\/wgphoto.pl\/t\/index.php?rest_route=%2Fwp%2Fv2%2Fcategories&post=14615"},{"taxonomy":"post_tag","embeddable":true,"href":"https:\/\/wgphoto.pl\/t\/index.php?rest_route=%2Fwp%2Fv2%2Ftags&post=14615"}],"curies":[{"name":"wp","href":"https:\/\/api.w.org\/{rel}","templated":true}]}}