{"id":14621,"date":"2025-03-12T18:31:39","date_gmt":"2025-03-12T17:31:39","guid":{"rendered":"https:\/\/wgphoto.pl\/t\/?p=14621"},"modified":"2025-03-12T18:31:39","modified_gmt":"2025-03-12T17:31:39","slug":"krzyzowanie-w-raszowce","status":"publish","type":"post","link":"https:\/\/wgphoto.pl\/t\/?p=14621","title":{"rendered":"Krzy\u017cowanie w Rasz\u00f3wce"},"content":{"rendered":"\n<figure class=\"wp-block-image aligncenter size-full\"><img loading=\"lazy\" decoding=\"async\" width=\"1200\" height=\"800\" src=\"https:\/\/wgphoto.pl\/t\/wp-content\/uploads\/2025\/03\/0903-04a.jpg\" alt=\"\" class=\"wp-image-14622\" srcset=\"https:\/\/wgphoto.pl\/t\/wp-content\/uploads\/2025\/03\/0903-04a.jpg 1200w, https:\/\/wgphoto.pl\/t\/wp-content\/uploads\/2025\/03\/0903-04a-300x200.jpg 300w, https:\/\/wgphoto.pl\/t\/wp-content\/uploads\/2025\/03\/0903-04a-768x512.jpg 768w\" sizes=\"auto, (max-width: 1200px) 100vw, 1200px\" \/><\/figure>\n\n\n\n<div class=\"wp-block-group has-global-padding is-layout-constrained wp-block-group-is-layout-constrained\">\n<p>Dwie wiekowe jednostki &#8211; EN57-795 i 837 &#8211; z\u0142apane podczas kr\u00f3tkiego spotkania na stacji w Rasz\u00f3wce. \u017b\u00f3\u0142to-niebieski pojazd obs\u0142uguje kurs 8644 &#8222;Pionier&#8221; ze Szczecina G\u0142. do Wroc\u0142awia G\u0142., natomiast zestaw czerwony jedzie z Legnicy do G\u0142ogowa jako poci\u0105g osobowy 66339. 14.03.2009<\/p>\n<\/div>\n","protected":false},"excerpt":{"rendered":"<p>Dwie wiekowe jednostki &#8211; EN57-795 i 837 &#8211; z\u0142apane podczas kr\u00f3tkiego spotkania na stacji w Rasz\u00f3wce. \u017b\u00f3\u0142to-niebieski pojazd obs\u0142uguje kurs 8644 &#8222;Pionier&#8221; ze Szczecina G\u0142. do Wroc\u0142awia G\u0142., natomiast zestaw czerwony jedzie z Legnicy do G\u0142ogowa jako poci\u0105g osobowy 66339. 14.03.2009<\/p>\n","protected":false},"author":1,"featured_media":14622,"comment_status":"open","ping_status":"","sticky":false,"template":"","format":"standard","meta":{"footnotes":""},"categories":[62,2,169],"tags":[2011,132,63,27,400,403],"class_list":["post-14621","post","type-post","status-publish","format-standard","has-post-thumbnail","hentry","category-analog","category-kolej","category-rok-2009","tag-2009-03-14","tag-en57","tag-pkp","tag-polska","tag-raszowka","tag-tab-pl267"],"_links":{"self":[{"href":"https:\/\/wgphoto.pl\/t\/index.php?rest_route=\/wp\/v2\/posts\/14621","targetHints":{"allow":["GET"]}}],"collection":[{"href":"https:\/\/wgphoto.pl\/t\/index.php?rest_route=\/wp\/v2\/posts"}],"about":[{"href":"https:\/\/wgphoto.pl\/t\/index.php?rest_route=\/wp\/v2\/types\/post"}],"author":[{"embeddable":true,"href":"https:\/\/wgphoto.pl\/t\/index.php?rest_route=\/wp\/v2\/users\/1"}],"replies":[{"embeddable":true,"href":"https:\/\/wgphoto.pl\/t\/index.php?rest_route=%2Fwp%2Fv2%2Fcomments&post=14621"}],"version-history":[{"count":1,"href":"https:\/\/wgphoto.pl\/t\/index.php?rest_route=\/wp\/v2\/posts\/14621\/revisions"}],"predecessor-version":[{"id":14623,"href":"https:\/\/wgphoto.pl\/t\/index.php?rest_route=\/wp\/v2\/posts\/14621\/revisions\/14623"}],"wp:featuredmedia":[{"embeddable":true,"href":"https:\/\/wgphoto.pl\/t\/index.php?rest_route=\/wp\/v2\/media\/14622"}],"wp:attachment":[{"href":"https:\/\/wgphoto.pl\/t\/index.php?rest_route=%2Fwp%2Fv2%2Fmedia&parent=14621"}],"wp:term":[{"taxonomy":"category","embeddable":true,"href":"https:\/\/wgphoto.pl\/t\/index.php?rest_route=%2Fwp%2Fv2%2Fcategories&post=14621"},{"taxonomy":"post_tag","embeddable":true,"href":"https:\/\/wgphoto.pl\/t\/index.php?rest_route=%2Fwp%2Fv2%2Ftags&post=14621"}],"curies":[{"name":"wp","href":"https:\/\/api.w.org\/{rel}","templated":true}]}}