{"id":14630,"date":"2025-03-12T18:34:32","date_gmt":"2025-03-12T17:34:32","guid":{"rendered":"https:\/\/wgphoto.pl\/t\/?p=14630"},"modified":"2025-03-12T18:34:32","modified_gmt":"2025-03-12T17:34:32","slug":"et22-135","status":"publish","type":"post","link":"https:\/\/wgphoto.pl\/t\/?p=14630","title":{"rendered":"ET22-135"},"content":{"rendered":"\n<figure class=\"wp-block-image aligncenter size-full\"><img loading=\"lazy\" decoding=\"async\" width=\"1200\" height=\"803\" src=\"https:\/\/wgphoto.pl\/t\/wp-content\/uploads\/2025\/03\/IMGP2352-1.jpg\" alt=\"\" class=\"wp-image-14632\" srcset=\"https:\/\/wgphoto.pl\/t\/wp-content\/uploads\/2025\/03\/IMGP2352-1.jpg 1200w, https:\/\/wgphoto.pl\/t\/wp-content\/uploads\/2025\/03\/IMGP2352-1-300x201.jpg 300w, https:\/\/wgphoto.pl\/t\/wp-content\/uploads\/2025\/03\/IMGP2352-1-768x514.jpg 768w\" sizes=\"auto, (max-width: 1200px) 100vw, 1200px\" \/><\/figure>\n\n\n\n<div class=\"wp-block-group has-global-padding is-layout-constrained wp-block-group-is-layout-constrained\">\n<p>Poci\u0105g osobowy 6621 &#8222;Kamie\u0144czyk&#8221; z Wroc\u0142awia G\u0142. do K\u0142odzka G\u0142. (wagony bezpo\u015brednie od poci\u0105gu Pozna\u0144 G\u0142. &#8211; Szklarska Por\u0119ba G\u00f3rna) mija semafor wjazdowy do Bia\u0142ego Ko\u015bcio\u0142a. Relacja poci\u0105gu od grudniowej zmiany rozk\u0142adu jazdy zosta\u0142a w\u00f3wczas skr\u00f3cona, a na odcinku z K\u0142odzka do Kudowy-Zdroju wprowadzono zast\u0119pcz\u0105 komunikacj\u0119 autobusow\u0105. 07.04.2010<\/p>\n<\/div>\n","protected":false},"excerpt":{"rendered":"<p>Poci\u0105g osobowy 6621 &#8222;Kamie\u0144czyk&#8221; z Wroc\u0142awia G\u0142. do K\u0142odzka G\u0142. (wagony bezpo\u015brednie od poci\u0105gu Pozna\u0144 G\u0142. &#8211; Szklarska Por\u0119ba G\u00f3rna) mija semafor wjazdowy do Bia\u0142ego Ko\u015bcio\u0142a. Relacja poci\u0105gu od grudniowej zmiany rozk\u0142adu jazdy zosta\u0142a w\u00f3wczas skr\u00f3cona, a na odcinku z K\u0142odzka do Kudowy-Zdroju wprowadzono zast\u0119pcz\u0105 komunikacj\u0119 autobusow\u0105. 07.04.2010<\/p>\n","protected":false},"author":1,"featured_media":14632,"comment_status":"open","ping_status":"","sticky":false,"template":"","format":"standard","meta":{"footnotes":""},"categories":[2,86],"tags":[3483,647,26,63,27,53,383],"class_list":["post-14630","post","type-post","status-publish","format-standard","has-post-thumbnail","hentry","category-kolej","category-rok-2010","tag-2010-04-07","tag-bialy-kosciol","tag-et22","tag-pkp","tag-polska","tag-sygnalizacja-ksztaltowa","tag-tab-pl230"],"_links":{"self":[{"href":"https:\/\/wgphoto.pl\/t\/index.php?rest_route=\/wp\/v2\/posts\/14630","targetHints":{"allow":["GET"]}}],"collection":[{"href":"https:\/\/wgphoto.pl\/t\/index.php?rest_route=\/wp\/v2\/posts"}],"about":[{"href":"https:\/\/wgphoto.pl\/t\/index.php?rest_route=\/wp\/v2\/types\/post"}],"author":[{"embeddable":true,"href":"https:\/\/wgphoto.pl\/t\/index.php?rest_route=\/wp\/v2\/users\/1"}],"replies":[{"embeddable":true,"href":"https:\/\/wgphoto.pl\/t\/index.php?rest_route=%2Fwp%2Fv2%2Fcomments&post=14630"}],"version-history":[{"count":1,"href":"https:\/\/wgphoto.pl\/t\/index.php?rest_route=\/wp\/v2\/posts\/14630\/revisions"}],"predecessor-version":[{"id":14633,"href":"https:\/\/wgphoto.pl\/t\/index.php?rest_route=\/wp\/v2\/posts\/14630\/revisions\/14633"}],"wp:featuredmedia":[{"embeddable":true,"href":"https:\/\/wgphoto.pl\/t\/index.php?rest_route=\/wp\/v2\/media\/14632"}],"wp:attachment":[{"href":"https:\/\/wgphoto.pl\/t\/index.php?rest_route=%2Fwp%2Fv2%2Fmedia&parent=14630"}],"wp:term":[{"taxonomy":"category","embeddable":true,"href":"https:\/\/wgphoto.pl\/t\/index.php?rest_route=%2Fwp%2Fv2%2Fcategories&post=14630"},{"taxonomy":"post_tag","embeddable":true,"href":"https:\/\/wgphoto.pl\/t\/index.php?rest_route=%2Fwp%2Fv2%2Ftags&post=14630"}],"curies":[{"name":"wp","href":"https:\/\/api.w.org\/{rel}","templated":true}]}}