{"id":14641,"date":"2025-03-12T18:37:14","date_gmt":"2025-03-12T17:37:14","guid":{"rendered":"https:\/\/wgphoto.pl\/t\/?p=14641"},"modified":"2026-04-13T19:04:00","modified_gmt":"2026-04-13T17:04:00","slug":"peron-1c","status":"publish","type":"post","link":"https:\/\/wgphoto.pl\/t\/?p=14641","title":{"rendered":"Peron 1c"},"content":{"rendered":"\n<figure class=\"wp-block-image aligncenter size-full\"><img loading=\"lazy\" decoding=\"async\" width=\"1200\" height=\"795\" src=\"https:\/\/wgphoto.pl\/t\/wp-content\/uploads\/2025\/03\/IMGP2364a.jpg\" alt=\"\" class=\"wp-image-14642\" srcset=\"https:\/\/wgphoto.pl\/t\/wp-content\/uploads\/2025\/03\/IMGP2364a.jpg 1200w, https:\/\/wgphoto.pl\/t\/wp-content\/uploads\/2025\/03\/IMGP2364a-300x199.jpg 300w, https:\/\/wgphoto.pl\/t\/wp-content\/uploads\/2025\/03\/IMGP2364a-768x509.jpg 768w\" sizes=\"auto, (max-width: 1200px) 100vw, 1200px\" \/><\/figure>\n\n\n\n<div class=\"wp-block-group has-global-padding is-layout-constrained wp-block-group-is-layout-constrained\">\n<p>Uk\u0142ad peron\u00f3w na stacji Timi\u015foara Nord nie jest taki oczywisty jak by si\u0119 z pozoru wydawa\u0142o. Peron 1c osi\u0105galny jest za pomoc\u0105 prowizorycznego przej\u015bcia w poziomie tor\u00f3w, widocznego w tle, kt\u00f3re przeoczy\u0107 r\u00f3wnie \u0142atwo jak i sam peron, kt\u00f3ry na miejsce wsiadania podr\u00f3\u017cnych wcale nie wygl\u0105da. Szuka\u0142em go po ca\u0142ej stacji dobry kwadrans, a znale\u017a\u0107 musia\u0142em, bo st\u0105d odje\u017cd\u017ca\u0142 m\u00f3j poci\u0105g &#8211; osobowy nr 2028 do T\u00e2rgu Jiu, kt\u00f3ry odleg\u0142o\u015b\u0107 345 km pokona w jedyne 9 godzin i 41 minut (ja jednak wysi\u0105d\u0119 du\u017co szybciej, w Aradzie). 20.08.2015<\/p>\n<\/div>\n","protected":false},"excerpt":{"rendered":"<p>Uk\u0142ad peron\u00f3w na stacji Timi\u015foara Nord nie jest taki oczywisty jak by si\u0119 z pozoru wydawa\u0142o. Peron 1c osi\u0105galny jest za pomoc\u0105 prowizorycznego przej\u015bcia w poziomie tor\u00f3w, widocznego w tle, kt\u00f3re przeoczy\u0107 r\u00f3wnie \u0142atwo jak i sam peron, kt\u00f3ry na miejsce wsiadania podr\u00f3\u017cnych wcale nie wygl\u0105da. Szuka\u0142em go po ca\u0142ej stacji dobry kwadrans, a znale\u017a\u0107 [&hellip;]<\/p>\n","protected":false},"author":1,"featured_media":14642,"comment_status":"open","ping_status":"","sticky":false,"template":"","format":"standard","meta":{"footnotes":""},"categories":[2,104],"tags":[1301,4188,2437,283,958,574,1176,3132,107],"class_list":["post-14641","post","type-post","status-publish","format-standard","has-post-thumbnail","hentry","category-kolej","category-rok-2015","tag-2015-08-20","tag-4188","tag-97-caravelle","tag-bdhpmnu","tag-cfr","tag-rumunia","tag-timisoara","tag-timisoara-nord","tag-wakacje-2015"],"_links":{"self":[{"href":"https:\/\/wgphoto.pl\/t\/index.php?rest_route=\/wp\/v2\/posts\/14641","targetHints":{"allow":["GET"]}}],"collection":[{"href":"https:\/\/wgphoto.pl\/t\/index.php?rest_route=\/wp\/v2\/posts"}],"about":[{"href":"https:\/\/wgphoto.pl\/t\/index.php?rest_route=\/wp\/v2\/types\/post"}],"author":[{"embeddable":true,"href":"https:\/\/wgphoto.pl\/t\/index.php?rest_route=\/wp\/v2\/users\/1"}],"replies":[{"embeddable":true,"href":"https:\/\/wgphoto.pl\/t\/index.php?rest_route=%2Fwp%2Fv2%2Fcomments&post=14641"}],"version-history":[{"count":1,"href":"https:\/\/wgphoto.pl\/t\/index.php?rest_route=\/wp\/v2\/posts\/14641\/revisions"}],"predecessor-version":[{"id":14643,"href":"https:\/\/wgphoto.pl\/t\/index.php?rest_route=\/wp\/v2\/posts\/14641\/revisions\/14643"}],"wp:featuredmedia":[{"embeddable":true,"href":"https:\/\/wgphoto.pl\/t\/index.php?rest_route=\/wp\/v2\/media\/14642"}],"wp:attachment":[{"href":"https:\/\/wgphoto.pl\/t\/index.php?rest_route=%2Fwp%2Fv2%2Fmedia&parent=14641"}],"wp:term":[{"taxonomy":"category","embeddable":true,"href":"https:\/\/wgphoto.pl\/t\/index.php?rest_route=%2Fwp%2Fv2%2Fcategories&post=14641"},{"taxonomy":"post_tag","embeddable":true,"href":"https:\/\/wgphoto.pl\/t\/index.php?rest_route=%2Fwp%2Fv2%2Ftags&post=14641"}],"curies":[{"name":"wp","href":"https:\/\/api.w.org\/{rel}","templated":true}]}}