{"id":14644,"date":"2025-03-12T18:38:56","date_gmt":"2025-03-12T17:38:56","guid":{"rendered":"https:\/\/wgphoto.pl\/t\/?p=14644"},"modified":"2025-03-12T18:38:56","modified_gmt":"2025-03-12T17:38:56","slug":"roma-flaminio-i","status":"publish","type":"post","link":"https:\/\/wgphoto.pl\/t\/?p=14644","title":{"rendered":"Roma Flaminio I"},"content":{"rendered":"\n<figure class=\"wp-block-image aligncenter size-full\"><img loading=\"lazy\" decoding=\"async\" width=\"1200\" height=\"800\" src=\"https:\/\/wgphoto.pl\/t\/wp-content\/uploads\/2025\/03\/IMGP7010.jpg\" alt=\"\" class=\"wp-image-14645\" srcset=\"https:\/\/wgphoto.pl\/t\/wp-content\/uploads\/2025\/03\/IMGP7010.jpg 1200w, https:\/\/wgphoto.pl\/t\/wp-content\/uploads\/2025\/03\/IMGP7010-300x200.jpg 300w, https:\/\/wgphoto.pl\/t\/wp-content\/uploads\/2025\/03\/IMGP7010-768x512.jpg 768w\" sizes=\"auto, (max-width: 1200px) 100vw, 1200px\" \/><\/figure>\n\n\n\n<div class=\"wp-block-group has-global-padding is-layout-constrained wp-block-group-is-layout-constrained\">\n<p>Pi\u0119knego dizajnu jednostka elektryczna kolei podmiejskiej Rzym &#8211; Viterbo opuszcza stacj\u0119 pocz\u0105tkow\u0105, mijaj\u0105c maj\u0105c\u0105 b\u0142ogos\u0142awi\u0107 zawsze i wsz\u0119dzie kolejarzom Matk\u0119 Bosk\u0105. 21.03.2012<\/p>\n<\/div>\n","protected":false},"excerpt":{"rendered":"<p>Pi\u0119knego dizajnu jednostka elektryczna kolei podmiejskiej Rzym &#8211; Viterbo opuszcza stacj\u0119 pocz\u0105tkow\u0105, mijaj\u0105c maj\u0105c\u0105 b\u0142ogos\u0142awi\u0107 zawsze i wsz\u0119dzie kolejarzom Matk\u0119 Bosk\u0105. 21.03.2012<\/p>\n","protected":false},"author":1,"featured_media":14645,"comment_status":"open","ping_status":"","sticky":false,"template":"","format":"standard","meta":{"footnotes":""},"categories":[2,46],"tags":[527,1029,3336,1374,173,1031,15,110],"class_list":["post-14644","post","type-post","status-publish","format-standard","has-post-thumbnail","hentry","category-kolej","category-rok-2012","tag-2012-03-21","tag-atac-roma","tag-ferrovie-roma-viterbo","tag-kolej-podmiejska","tag-koncowki","tag-rzym","tag-tunel","tag-wlochy"],"_links":{"self":[{"href":"https:\/\/wgphoto.pl\/t\/index.php?rest_route=\/wp\/v2\/posts\/14644","targetHints":{"allow":["GET"]}}],"collection":[{"href":"https:\/\/wgphoto.pl\/t\/index.php?rest_route=\/wp\/v2\/posts"}],"about":[{"href":"https:\/\/wgphoto.pl\/t\/index.php?rest_route=\/wp\/v2\/types\/post"}],"author":[{"embeddable":true,"href":"https:\/\/wgphoto.pl\/t\/index.php?rest_route=\/wp\/v2\/users\/1"}],"replies":[{"embeddable":true,"href":"https:\/\/wgphoto.pl\/t\/index.php?rest_route=%2Fwp%2Fv2%2Fcomments&post=14644"}],"version-history":[{"count":1,"href":"https:\/\/wgphoto.pl\/t\/index.php?rest_route=\/wp\/v2\/posts\/14644\/revisions"}],"predecessor-version":[{"id":14646,"href":"https:\/\/wgphoto.pl\/t\/index.php?rest_route=\/wp\/v2\/posts\/14644\/revisions\/14646"}],"wp:featuredmedia":[{"embeddable":true,"href":"https:\/\/wgphoto.pl\/t\/index.php?rest_route=\/wp\/v2\/media\/14645"}],"wp:attachment":[{"href":"https:\/\/wgphoto.pl\/t\/index.php?rest_route=%2Fwp%2Fv2%2Fmedia&parent=14644"}],"wp:term":[{"taxonomy":"category","embeddable":true,"href":"https:\/\/wgphoto.pl\/t\/index.php?rest_route=%2Fwp%2Fv2%2Fcategories&post=14644"},{"taxonomy":"post_tag","embeddable":true,"href":"https:\/\/wgphoto.pl\/t\/index.php?rest_route=%2Fwp%2Fv2%2Ftags&post=14644"}],"curies":[{"name":"wp","href":"https:\/\/api.w.org\/{rel}","templated":true}]}}