{"id":14653,"date":"2025-03-12T18:41:47","date_gmt":"2025-03-12T17:41:47","guid":{"rendered":"https:\/\/wgphoto.pl\/t\/?p=14653"},"modified":"2025-03-12T18:41:47","modified_gmt":"2025-03-12T17:41:47","slug":"senna-niepewnosc","status":"publish","type":"post","link":"https:\/\/wgphoto.pl\/t\/?p=14653","title":{"rendered":"Senna niepewno\u015b\u0107"},"content":{"rendered":"\n<figure class=\"wp-block-image aligncenter size-full\"><img loading=\"lazy\" decoding=\"async\" width=\"1200\" height=\"803\" src=\"https:\/\/wgphoto.pl\/t\/wp-content\/uploads\/2025\/03\/IMGP7656.jpg\" alt=\"\" class=\"wp-image-14654\" srcset=\"https:\/\/wgphoto.pl\/t\/wp-content\/uploads\/2025\/03\/IMGP7656.jpg 1200w, https:\/\/wgphoto.pl\/t\/wp-content\/uploads\/2025\/03\/IMGP7656-300x201.jpg 300w, https:\/\/wgphoto.pl\/t\/wp-content\/uploads\/2025\/03\/IMGP7656-768x514.jpg 768w\" sizes=\"auto, (max-width: 1200px) 100vw, 1200px\" \/><\/figure>\n\n\n\n<div class=\"wp-block-group has-global-padding is-layout-constrained wp-block-group-is-layout-constrained\">\n<p>Podmiejska elektryczka zatrzymuje si\u0119 na przystanku Tor Pignattara. Miejski transport szynowy w Rzymie jest dosy\u0107 ubogi. Trzy linie metra (w tym najnowsza, powstaj\u0105ca w wielkich b\u00f3lach), kilka linii tramwajowych i par\u0119 kolejek podmiejskich, nie tworz\u0105cych sp\u00f3jnego systemu. Jedn\u0105 z nich jest trasa okre\u015blana kolej\u0105 Rzym &#8211; Giardinetti, obs\u0142ugiwana takimi przedpotopowymi tramwajami, przypominaj\u0105cymi troch\u0119 koncepcyjnie EN57: trzy wagony, z czego \u015brodkowy nap\u0119dowy a skrajne sterownicze. Snuje si\u0119 toto bardzo mozolnie, je\u017adzi powoli i na prawie ka\u017cdym skrzy\u017cowaniu zalicza st\u00f3jk\u0119 niczym najzwyklejszy tramwaj bez priorytetu. Spor\u0105 cz\u0119\u015b\u0107 trasy w ostatnich latach przebudowano na wspomnian\u0105 wcze\u015bniej, powstaj\u0105c\u0105 w b\u00f3lach lini\u0119 C metra. Ostatni kawa\u0142ek, licz\u0105cy oko\u0142o 2\/5 dotychczasowej trasy, ciachni\u0119to w 2015 roku wraz z przed\u0142u\u017ceniem kolei podziemnej, a pozosta\u0142e 3\/5, jako nie pokrywaj\u0105ce si\u0119 z now\u0105 tras\u0105 metra, zapewne b\u0119dzie tak sobie dogorywa\u0107 w oczekiwaniu na lepsze czasy albo likwidacj\u0119. 2012-03-25<\/p>\n<\/div>\n","protected":false},"excerpt":{"rendered":"<p>Podmiejska elektryczka zatrzymuje si\u0119 na przystanku Tor Pignattara. Miejski transport szynowy w Rzymie jest dosy\u0107 ubogi. Trzy linie metra (w tym najnowsza, powstaj\u0105ca w wielkich b\u00f3lach), kilka linii tramwajowych i par\u0119 kolejek podmiejskich, nie tworz\u0105cych sp\u00f3jnego systemu. Jedn\u0105 z nich jest trasa okre\u015blana kolej\u0105 Rzym &#8211; Giardinetti, obs\u0142ugiwana takimi przedpotopowymi tramwajami, przypominaj\u0105cymi troch\u0119 koncepcyjnie EN57: [&hellip;]<\/p>\n","protected":false},"author":1,"featured_media":14654,"comment_status":"open","ping_status":"","sticky":false,"template":"","format":"standard","meta":{"footnotes":""},"categories":[2,46,3],"tags":[3130,1029,1374,1031,110],"class_list":["post-14653","post","type-post","status-publish","format-standard","has-post-thumbnail","hentry","category-kolej","category-rok-2012","category-tramwaj","tag-2012-03-25","tag-atac-roma","tag-kolej-podmiejska","tag-rzym","tag-wlochy"],"_links":{"self":[{"href":"https:\/\/wgphoto.pl\/t\/index.php?rest_route=\/wp\/v2\/posts\/14653","targetHints":{"allow":["GET"]}}],"collection":[{"href":"https:\/\/wgphoto.pl\/t\/index.php?rest_route=\/wp\/v2\/posts"}],"about":[{"href":"https:\/\/wgphoto.pl\/t\/index.php?rest_route=\/wp\/v2\/types\/post"}],"author":[{"embeddable":true,"href":"https:\/\/wgphoto.pl\/t\/index.php?rest_route=\/wp\/v2\/users\/1"}],"replies":[{"embeddable":true,"href":"https:\/\/wgphoto.pl\/t\/index.php?rest_route=%2Fwp%2Fv2%2Fcomments&post=14653"}],"version-history":[{"count":1,"href":"https:\/\/wgphoto.pl\/t\/index.php?rest_route=\/wp\/v2\/posts\/14653\/revisions"}],"predecessor-version":[{"id":14655,"href":"https:\/\/wgphoto.pl\/t\/index.php?rest_route=\/wp\/v2\/posts\/14653\/revisions\/14655"}],"wp:featuredmedia":[{"embeddable":true,"href":"https:\/\/wgphoto.pl\/t\/index.php?rest_route=\/wp\/v2\/media\/14654"}],"wp:attachment":[{"href":"https:\/\/wgphoto.pl\/t\/index.php?rest_route=%2Fwp%2Fv2%2Fmedia&parent=14653"}],"wp:term":[{"taxonomy":"category","embeddable":true,"href":"https:\/\/wgphoto.pl\/t\/index.php?rest_route=%2Fwp%2Fv2%2Fcategories&post=14653"},{"taxonomy":"post_tag","embeddable":true,"href":"https:\/\/wgphoto.pl\/t\/index.php?rest_route=%2Fwp%2Fv2%2Ftags&post=14653"}],"curies":[{"name":"wp","href":"https:\/\/api.w.org\/{rel}","templated":true}]}}