{"id":14662,"date":"2025-03-12T18:47:11","date_gmt":"2025-03-12T17:47:11","guid":{"rendered":"https:\/\/wgphoto.pl\/t\/?p=14662"},"modified":"2025-03-12T18:47:11","modified_gmt":"2025-03-12T17:47:11","slug":"sss","status":"publish","type":"post","link":"https:\/\/wgphoto.pl\/t\/?p=14662","title":{"rendered":"SSS"},"content":{"rendered":"\n<figure class=\"wp-block-image aligncenter size-full\"><img loading=\"lazy\" decoding=\"async\" width=\"1200\" height=\"803\" src=\"https:\/\/wgphoto.pl\/t\/wp-content\/uploads\/2025\/03\/IMGP3712.jpg\" alt=\"\" class=\"wp-image-14663\" srcset=\"https:\/\/wgphoto.pl\/t\/wp-content\/uploads\/2025\/03\/IMGP3712.jpg 1200w, https:\/\/wgphoto.pl\/t\/wp-content\/uploads\/2025\/03\/IMGP3712-300x201.jpg 300w, https:\/\/wgphoto.pl\/t\/wp-content\/uploads\/2025\/03\/IMGP3712-768x514.jpg 768w\" sizes=\"auto, (max-width: 1200px) 100vw, 1200px\" \/><\/figure>\n\n\n\n<div class=\"wp-block-group has-global-padding is-layout-constrained wp-block-group-is-layout-constrained\">\n<p>Kat\u00f3wka obje\u017cd\u017ca p\u0119tl\u0119 \u00dclemiste, zlokalizowan\u0105 w\u015br\u00f3d teren\u00f3w przemys\u0142owych. 28.05.2013<\/p>\n<\/div>\n","protected":false},"excerpt":{"rendered":"<p>Kat\u00f3wka obje\u017cd\u017ca p\u0119tl\u0119 \u00dclemiste, zlokalizowan\u0105 w\u015br\u00f3d teren\u00f3w przemys\u0142owych. 28.05.2013<\/p>\n","protected":false},"author":1,"featured_media":14663,"comment_status":"open","ping_status":"","sticky":false,"template":"","format":"standard","meta":{"footnotes":""},"categories":[55,3],"tags":[1134,612,1131,118,1132,33,1133,294],"class_list":["post-14662","post","type-post","status-publish","format-standard","has-post-thumbnail","hentry","category-rok-2013","category-tramwaj","tag-2013-05-28","tag-druga-majowka-2013","tag-estonia","tag-plany-i-profile","tag-tallinn","tag-tatra-kt4","tag-tlt-tallinn","tag-wiosna"],"_links":{"self":[{"href":"https:\/\/wgphoto.pl\/t\/index.php?rest_route=\/wp\/v2\/posts\/14662","targetHints":{"allow":["GET"]}}],"collection":[{"href":"https:\/\/wgphoto.pl\/t\/index.php?rest_route=\/wp\/v2\/posts"}],"about":[{"href":"https:\/\/wgphoto.pl\/t\/index.php?rest_route=\/wp\/v2\/types\/post"}],"author":[{"embeddable":true,"href":"https:\/\/wgphoto.pl\/t\/index.php?rest_route=\/wp\/v2\/users\/1"}],"replies":[{"embeddable":true,"href":"https:\/\/wgphoto.pl\/t\/index.php?rest_route=%2Fwp%2Fv2%2Fcomments&post=14662"}],"version-history":[{"count":1,"href":"https:\/\/wgphoto.pl\/t\/index.php?rest_route=\/wp\/v2\/posts\/14662\/revisions"}],"predecessor-version":[{"id":14664,"href":"https:\/\/wgphoto.pl\/t\/index.php?rest_route=\/wp\/v2\/posts\/14662\/revisions\/14664"}],"wp:featuredmedia":[{"embeddable":true,"href":"https:\/\/wgphoto.pl\/t\/index.php?rest_route=\/wp\/v2\/media\/14663"}],"wp:attachment":[{"href":"https:\/\/wgphoto.pl\/t\/index.php?rest_route=%2Fwp%2Fv2%2Fmedia&parent=14662"}],"wp:term":[{"taxonomy":"category","embeddable":true,"href":"https:\/\/wgphoto.pl\/t\/index.php?rest_route=%2Fwp%2Fv2%2Fcategories&post=14662"},{"taxonomy":"post_tag","embeddable":true,"href":"https:\/\/wgphoto.pl\/t\/index.php?rest_route=%2Fwp%2Fv2%2Ftags&post=14662"}],"curies":[{"name":"wp","href":"https:\/\/api.w.org\/{rel}","templated":true}]}}