{"id":14665,"date":"2025-03-12T18:48:06","date_gmt":"2025-03-12T17:48:06","guid":{"rendered":"https:\/\/wgphoto.pl\/t\/?p=14665"},"modified":"2025-03-12T18:48:06","modified_gmt":"2025-03-12T17:48:06","slug":"dostojnie","status":"publish","type":"post","link":"https:\/\/wgphoto.pl\/t\/?p=14665","title":{"rendered":"Dostojnie"},"content":{"rendered":"\n<figure class=\"wp-block-image aligncenter size-full\"><img loading=\"lazy\" decoding=\"async\" width=\"1200\" height=\"803\" src=\"https:\/\/wgphoto.pl\/t\/wp-content\/uploads\/2025\/03\/IMGP3762.jpg\" alt=\"\" class=\"wp-image-14666\" srcset=\"https:\/\/wgphoto.pl\/t\/wp-content\/uploads\/2025\/03\/IMGP3762.jpg 1200w, https:\/\/wgphoto.pl\/t\/wp-content\/uploads\/2025\/03\/IMGP3762-300x201.jpg 300w, https:\/\/wgphoto.pl\/t\/wp-content\/uploads\/2025\/03\/IMGP3762-768x514.jpg 768w\" sizes=\"auto, (max-width: 1200px) 100vw, 1200px\" \/><\/figure>\n\n\n\n<div class=\"wp-block-group has-global-padding is-layout-constrained wp-block-group-is-layout-constrained\">\n<p>Tatra sprowadzona z Erfurtu, wci\u0105\u017c nosz\u0105ca tamtejsze malowanie, pomyka wzd\u0142u\u017c Parku Brzozowego (est. Kase park), kt\u00f3ry od strony ulicy prezentuje si\u0119 bardzo dostojnie. Tramwaj za par\u0119 minut dotrze do po\u0142o\u017conej nad Ba\u0142tykiem p\u0119tli Kopli. 28.05.2013<\/p>\n<\/div>\n","protected":false},"excerpt":{"rendered":"<p>Tatra sprowadzona z Erfurtu, wci\u0105\u017c nosz\u0105ca tamtejsze malowanie, pomyka wzd\u0142u\u017c Parku Brzozowego (est. Kase park), kt\u00f3ry od strony ulicy prezentuje si\u0119 bardzo dostojnie. Tramwaj za par\u0119 minut dotrze do po\u0142o\u017conej nad Ba\u0142tykiem p\u0119tli Kopli. 28.05.2013<\/p>\n","protected":false},"author":1,"featured_media":14666,"comment_status":"open","ping_status":"","sticky":false,"template":"","format":"standard","meta":{"footnotes":""},"categories":[55,3],"tags":[1134,612,1131,1132,33,1133,294],"class_list":["post-14665","post","type-post","status-publish","format-standard","has-post-thumbnail","hentry","category-rok-2013","category-tramwaj","tag-2013-05-28","tag-druga-majowka-2013","tag-estonia","tag-tallinn","tag-tatra-kt4","tag-tlt-tallinn","tag-wiosna"],"_links":{"self":[{"href":"https:\/\/wgphoto.pl\/t\/index.php?rest_route=\/wp\/v2\/posts\/14665","targetHints":{"allow":["GET"]}}],"collection":[{"href":"https:\/\/wgphoto.pl\/t\/index.php?rest_route=\/wp\/v2\/posts"}],"about":[{"href":"https:\/\/wgphoto.pl\/t\/index.php?rest_route=\/wp\/v2\/types\/post"}],"author":[{"embeddable":true,"href":"https:\/\/wgphoto.pl\/t\/index.php?rest_route=\/wp\/v2\/users\/1"}],"replies":[{"embeddable":true,"href":"https:\/\/wgphoto.pl\/t\/index.php?rest_route=%2Fwp%2Fv2%2Fcomments&post=14665"}],"version-history":[{"count":1,"href":"https:\/\/wgphoto.pl\/t\/index.php?rest_route=\/wp\/v2\/posts\/14665\/revisions"}],"predecessor-version":[{"id":14667,"href":"https:\/\/wgphoto.pl\/t\/index.php?rest_route=\/wp\/v2\/posts\/14665\/revisions\/14667"}],"wp:featuredmedia":[{"embeddable":true,"href":"https:\/\/wgphoto.pl\/t\/index.php?rest_route=\/wp\/v2\/media\/14666"}],"wp:attachment":[{"href":"https:\/\/wgphoto.pl\/t\/index.php?rest_route=%2Fwp%2Fv2%2Fmedia&parent=14665"}],"wp:term":[{"taxonomy":"category","embeddable":true,"href":"https:\/\/wgphoto.pl\/t\/index.php?rest_route=%2Fwp%2Fv2%2Fcategories&post=14665"},{"taxonomy":"post_tag","embeddable":true,"href":"https:\/\/wgphoto.pl\/t\/index.php?rest_route=%2Fwp%2Fv2%2Ftags&post=14665"}],"curies":[{"name":"wp","href":"https:\/\/api.w.org\/{rel}","templated":true}]}}