{"id":14668,"date":"2025-03-12T18:49:05","date_gmt":"2025-03-12T17:49:05","guid":{"rendered":"https:\/\/wgphoto.pl\/t\/?p=14668"},"modified":"2025-03-12T18:49:05","modified_gmt":"2025-03-12T17:49:05","slug":"rodzynek-2","status":"publish","type":"post","link":"https:\/\/wgphoto.pl\/t\/?p=14668","title":{"rendered":"Rodzynek"},"content":{"rendered":"\n<figure class=\"wp-block-image aligncenter size-full\"><img loading=\"lazy\" decoding=\"async\" width=\"1200\" height=\"803\" src=\"https:\/\/wgphoto.pl\/t\/wp-content\/uploads\/2025\/03\/IMGP3764.jpg\" alt=\"\" class=\"wp-image-14669\" srcset=\"https:\/\/wgphoto.pl\/t\/wp-content\/uploads\/2025\/03\/IMGP3764.jpg 1200w, https:\/\/wgphoto.pl\/t\/wp-content\/uploads\/2025\/03\/IMGP3764-300x201.jpg 300w, https:\/\/wgphoto.pl\/t\/wp-content\/uploads\/2025\/03\/IMGP3764-768x514.jpg 768w\" sizes=\"auto, (max-width: 1200px) 100vw, 1200px\" \/><\/figure>\n\n\n\n<div class=\"wp-block-group has-global-padding is-layout-constrained wp-block-group-is-layout-constrained\">\n<p>Jeden z niewielu ju\u017c w\u00f3wczas wagon\u00f3w typu KT4SU, dostarczonych do Tallina prosto z fabryki, wyr\u00f3\u017cniaj\u0105cych si\u0119 dwucyfrowym numerem taborowym oraz brakiem wy\u015bwietlaczy, przed chwil\u0105 odjecha\u0142 z p\u0119tli Kopli w kolejny kurs na po\u0142udnie miasta. Pomimo rze\u015bkiego wygl\u0105du nie doje\u017adzi\u0142 do ko\u0144ca roku, wycofany zapewne w zwi\u0105zku z dostawami niskaczy. 2013-05-28<\/p>\n<\/div>\n","protected":false},"excerpt":{"rendered":"<p>Jeden z niewielu ju\u017c w\u00f3wczas wagon\u00f3w typu KT4SU, dostarczonych do Tallina prosto z fabryki, wyr\u00f3\u017cniaj\u0105cych si\u0119 dwucyfrowym numerem taborowym oraz brakiem wy\u015bwietlaczy, przed chwil\u0105 odjecha\u0142 z p\u0119tli Kopli w kolejny kurs na po\u0142udnie miasta. Pomimo rze\u015bkiego wygl\u0105du nie doje\u017adzi\u0142 do ko\u0144ca roku, wycofany zapewne w zwi\u0105zku z dostawami niskaczy. 2013-05-28<\/p>\n","protected":false},"author":1,"featured_media":14669,"comment_status":"open","ping_status":"","sticky":false,"template":"","format":"standard","meta":{"footnotes":""},"categories":[55,3],"tags":[1134,612,1131,1132,33,1133],"class_list":["post-14668","post","type-post","status-publish","format-standard","has-post-thumbnail","hentry","category-rok-2013","category-tramwaj","tag-2013-05-28","tag-druga-majowka-2013","tag-estonia","tag-tallinn","tag-tatra-kt4","tag-tlt-tallinn"],"_links":{"self":[{"href":"https:\/\/wgphoto.pl\/t\/index.php?rest_route=\/wp\/v2\/posts\/14668","targetHints":{"allow":["GET"]}}],"collection":[{"href":"https:\/\/wgphoto.pl\/t\/index.php?rest_route=\/wp\/v2\/posts"}],"about":[{"href":"https:\/\/wgphoto.pl\/t\/index.php?rest_route=\/wp\/v2\/types\/post"}],"author":[{"embeddable":true,"href":"https:\/\/wgphoto.pl\/t\/index.php?rest_route=\/wp\/v2\/users\/1"}],"replies":[{"embeddable":true,"href":"https:\/\/wgphoto.pl\/t\/index.php?rest_route=%2Fwp%2Fv2%2Fcomments&post=14668"}],"version-history":[{"count":1,"href":"https:\/\/wgphoto.pl\/t\/index.php?rest_route=\/wp\/v2\/posts\/14668\/revisions"}],"predecessor-version":[{"id":14670,"href":"https:\/\/wgphoto.pl\/t\/index.php?rest_route=\/wp\/v2\/posts\/14668\/revisions\/14670"}],"wp:featuredmedia":[{"embeddable":true,"href":"https:\/\/wgphoto.pl\/t\/index.php?rest_route=\/wp\/v2\/media\/14669"}],"wp:attachment":[{"href":"https:\/\/wgphoto.pl\/t\/index.php?rest_route=%2Fwp%2Fv2%2Fmedia&parent=14668"}],"wp:term":[{"taxonomy":"category","embeddable":true,"href":"https:\/\/wgphoto.pl\/t\/index.php?rest_route=%2Fwp%2Fv2%2Fcategories&post=14668"},{"taxonomy":"post_tag","embeddable":true,"href":"https:\/\/wgphoto.pl\/t\/index.php?rest_route=%2Fwp%2Fv2%2Ftags&post=14668"}],"curies":[{"name":"wp","href":"https:\/\/api.w.org\/{rel}","templated":true}]}}