{"id":14671,"date":"2025-03-12T18:49:54","date_gmt":"2025-03-12T17:49:54","guid":{"rendered":"https:\/\/wgphoto.pl\/t\/?p=14671"},"modified":"2025-03-12T18:49:54","modified_gmt":"2025-03-12T17:49:54","slug":"kirik","status":"publish","type":"post","link":"https:\/\/wgphoto.pl\/t\/?p=14671","title":{"rendered":"Kirik"},"content":{"rendered":"\n<figure class=\"wp-block-image aligncenter size-full\"><img loading=\"lazy\" decoding=\"async\" width=\"1200\" height=\"803\" src=\"https:\/\/wgphoto.pl\/t\/wp-content\/uploads\/2025\/03\/IMGP3773.jpg\" alt=\"\" class=\"wp-image-14672\" srcset=\"https:\/\/wgphoto.pl\/t\/wp-content\/uploads\/2025\/03\/IMGP3773.jpg 1200w, https:\/\/wgphoto.pl\/t\/wp-content\/uploads\/2025\/03\/IMGP3773-300x201.jpg 300w, https:\/\/wgphoto.pl\/t\/wp-content\/uploads\/2025\/03\/IMGP3773-768x514.jpg 768w\" sizes=\"auto, (max-width: 1200px) 100vw, 1200px\" \/><\/figure>\n\n\n\n<div class=\"wp-block-group has-global-padding is-layout-constrained wp-block-group-is-layout-constrained\">\n<p>Wagon 136 (ex Cottbus) prezentuje swoje wdzi\u0119ki na jednym z dw\u00f3ch tor\u00f3w przyjazdowych na p\u0119tli Kopli. Przystanki dla wysiadaj\u0105cych zlokalizowano w pobli\u017cu drewnianej cerkwi, zwanej w miejscowym j\u0119zyku jak w tytule. W takim rozmiarze mo\u017ce tego nie wida\u0107, ale w pe\u0142nej rozdzia\u0142ce wyra\u017anie zaobserwowa\u0107 mo\u017cna, jak pani motornicza oraz dwaj pasa\u017cerowie bacznie przygl\u0105daj\u0105 si\u0119 fotografowi. \ud83d\ude09 28.05.2013<\/p>\n<\/div>\n","protected":false},"excerpt":{"rendered":"<p>Wagon 136 (ex Cottbus) prezentuje swoje wdzi\u0119ki na jednym z dw\u00f3ch tor\u00f3w przyjazdowych na p\u0119tli Kopli. Przystanki dla wysiadaj\u0105cych zlokalizowano w pobli\u017cu drewnianej cerkwi, zwanej w miejscowym j\u0119zyku jak w tytule. W takim rozmiarze mo\u017ce tego nie wida\u0107, ale w pe\u0142nej rozdzia\u0142ce wyra\u017anie zaobserwowa\u0107 mo\u017cna, jak pani motornicza oraz dwaj pasa\u017cerowie bacznie przygl\u0105daj\u0105 si\u0119 fotografowi. [&hellip;]<\/p>\n","protected":false},"author":1,"featured_media":14672,"comment_status":"open","ping_status":"","sticky":false,"template":"","format":"standard","meta":{"footnotes":""},"categories":[55,3],"tags":[1134,34,612,1131,1132,33,1133],"class_list":["post-14671","post","type-post","status-publish","format-standard","has-post-thumbnail","hentry","category-rok-2013","category-tramwaj","tag-2013-05-28","tag-architektura","tag-druga-majowka-2013","tag-estonia","tag-tallinn","tag-tatra-kt4","tag-tlt-tallinn"],"_links":{"self":[{"href":"https:\/\/wgphoto.pl\/t\/index.php?rest_route=\/wp\/v2\/posts\/14671","targetHints":{"allow":["GET"]}}],"collection":[{"href":"https:\/\/wgphoto.pl\/t\/index.php?rest_route=\/wp\/v2\/posts"}],"about":[{"href":"https:\/\/wgphoto.pl\/t\/index.php?rest_route=\/wp\/v2\/types\/post"}],"author":[{"embeddable":true,"href":"https:\/\/wgphoto.pl\/t\/index.php?rest_route=\/wp\/v2\/users\/1"}],"replies":[{"embeddable":true,"href":"https:\/\/wgphoto.pl\/t\/index.php?rest_route=%2Fwp%2Fv2%2Fcomments&post=14671"}],"version-history":[{"count":1,"href":"https:\/\/wgphoto.pl\/t\/index.php?rest_route=\/wp\/v2\/posts\/14671\/revisions"}],"predecessor-version":[{"id":14673,"href":"https:\/\/wgphoto.pl\/t\/index.php?rest_route=\/wp\/v2\/posts\/14671\/revisions\/14673"}],"wp:featuredmedia":[{"embeddable":true,"href":"https:\/\/wgphoto.pl\/t\/index.php?rest_route=\/wp\/v2\/media\/14672"}],"wp:attachment":[{"href":"https:\/\/wgphoto.pl\/t\/index.php?rest_route=%2Fwp%2Fv2%2Fmedia&parent=14671"}],"wp:term":[{"taxonomy":"category","embeddable":true,"href":"https:\/\/wgphoto.pl\/t\/index.php?rest_route=%2Fwp%2Fv2%2Fcategories&post=14671"},{"taxonomy":"post_tag","embeddable":true,"href":"https:\/\/wgphoto.pl\/t\/index.php?rest_route=%2Fwp%2Fv2%2Ftags&post=14671"}],"curies":[{"name":"wp","href":"https:\/\/api.w.org\/{rel}","templated":true}]}}