{"id":14677,"date":"2025-03-12T18:51:53","date_gmt":"2025-03-12T17:51:53","guid":{"rendered":"https:\/\/wgphoto.pl\/t\/?p=14677"},"modified":"2025-03-12T18:51:53","modified_gmt":"2025-03-12T17:51:53","slug":"falujacy-ktm","status":"publish","type":"post","link":"https:\/\/wgphoto.pl\/t\/?p=14677","title":{"rendered":"Faluj\u0105cy KTM"},"content":{"rendered":"\n<figure class=\"wp-block-image aligncenter size-full\"><img loading=\"lazy\" decoding=\"async\" width=\"1200\" height=\"803\" src=\"https:\/\/wgphoto.pl\/t\/wp-content\/uploads\/2025\/03\/IMGP4034-1.jpg\" alt=\"\" class=\"wp-image-14679\" srcset=\"https:\/\/wgphoto.pl\/t\/wp-content\/uploads\/2025\/03\/IMGP4034-1.jpg 1200w, https:\/\/wgphoto.pl\/t\/wp-content\/uploads\/2025\/03\/IMGP4034-1-300x201.jpg 300w, https:\/\/wgphoto.pl\/t\/wp-content\/uploads\/2025\/03\/IMGP4034-1-768x514.jpg 768w\" sizes=\"auto, (max-width: 1200px) 100vw, 1200px\" \/><\/figure>\n\n\n\n<div class=\"wp-block-group has-global-padding is-layout-constrained wp-block-group-is-layout-constrained\">\n<p>Radziecki wynalazek jedzie wzd\u0142u\u017c muru cmentarza w kierunku centrum. Ze wzgl\u0119du na remont drogi tutaj jest ju\u017c nieco mniej klimatu, ale pofa\u0142dowany teren oraz niskie s\u0142o\u0144ce i tak dodaj\u0105 uroku. 29.05.2013<\/p>\n<\/div>\n","protected":false},"excerpt":{"rendered":"<p>Radziecki wynalazek jedzie wzd\u0142u\u017c muru cmentarza w kierunku centrum. Ze wzgl\u0119du na remont drogi tutaj jest ju\u017c nieco mniej klimatu, ale pofa\u0142dowany teren oraz niskie s\u0142o\u0144ce i tak dodaj\u0105 uroku. 29.05.2013<\/p>\n","protected":false},"author":1,"featured_media":14679,"comment_status":"open","ping_status":"","sticky":false,"template":"","format":"standard","meta":{"footnotes":""},"categories":[55,3],"tags":[614,612,616,617,56,118],"class_list":["post-14677","post","type-post","status-publish","format-standard","has-post-thumbnail","hentry","category-rok-2013","category-tramwaj","tag-2013-05-29","tag-druga-majowka-2013","tag-dyneburg","tag-ktm-5","tag-lotwa","tag-plany-i-profile"],"_links":{"self":[{"href":"https:\/\/wgphoto.pl\/t\/index.php?rest_route=\/wp\/v2\/posts\/14677","targetHints":{"allow":["GET"]}}],"collection":[{"href":"https:\/\/wgphoto.pl\/t\/index.php?rest_route=\/wp\/v2\/posts"}],"about":[{"href":"https:\/\/wgphoto.pl\/t\/index.php?rest_route=\/wp\/v2\/types\/post"}],"author":[{"embeddable":true,"href":"https:\/\/wgphoto.pl\/t\/index.php?rest_route=\/wp\/v2\/users\/1"}],"replies":[{"embeddable":true,"href":"https:\/\/wgphoto.pl\/t\/index.php?rest_route=%2Fwp%2Fv2%2Fcomments&post=14677"}],"version-history":[{"count":1,"href":"https:\/\/wgphoto.pl\/t\/index.php?rest_route=\/wp\/v2\/posts\/14677\/revisions"}],"predecessor-version":[{"id":14680,"href":"https:\/\/wgphoto.pl\/t\/index.php?rest_route=\/wp\/v2\/posts\/14677\/revisions\/14680"}],"wp:featuredmedia":[{"embeddable":true,"href":"https:\/\/wgphoto.pl\/t\/index.php?rest_route=\/wp\/v2\/media\/14679"}],"wp:attachment":[{"href":"https:\/\/wgphoto.pl\/t\/index.php?rest_route=%2Fwp%2Fv2%2Fmedia&parent=14677"}],"wp:term":[{"taxonomy":"category","embeddable":true,"href":"https:\/\/wgphoto.pl\/t\/index.php?rest_route=%2Fwp%2Fv2%2Fcategories&post=14677"},{"taxonomy":"post_tag","embeddable":true,"href":"https:\/\/wgphoto.pl\/t\/index.php?rest_route=%2Fwp%2Fv2%2Ftags&post=14677"}],"curies":[{"name":"wp","href":"https:\/\/api.w.org\/{rel}","templated":true}]}}