{"id":14691,"date":"2025-03-12T18:56:19","date_gmt":"2025-03-12T17:56:19","guid":{"rendered":"https:\/\/wgphoto.pl\/t\/?p=14691"},"modified":"2025-03-12T18:56:19","modified_gmt":"2025-03-12T17:56:19","slug":"zlutice-od-wschodu","status":"publish","type":"post","link":"https:\/\/wgphoto.pl\/t\/?p=14691","title":{"rendered":"\u017dlutice od wschodu"},"content":{"rendered":"\n<figure class=\"wp-block-image aligncenter size-full\"><img loading=\"lazy\" decoding=\"async\" width=\"1200\" height=\"795\" src=\"https:\/\/wgphoto.pl\/t\/wp-content\/uploads\/2025\/03\/IMGP3247.jpg\" alt=\"\" class=\"wp-image-14692\" srcset=\"https:\/\/wgphoto.pl\/t\/wp-content\/uploads\/2025\/03\/IMGP3247.jpg 1200w, https:\/\/wgphoto.pl\/t\/wp-content\/uploads\/2025\/03\/IMGP3247-300x199.jpg 300w, https:\/\/wgphoto.pl\/t\/wp-content\/uploads\/2025\/03\/IMGP3247-768x509.jpg 768w\" sizes=\"auto, (max-width: 1200px) 100vw, 1200px\" \/><\/figure>\n\n\n\n<div class=\"wp-block-group has-global-padding is-layout-constrained wp-block-group-is-layout-constrained\">\n<p>Zawsze intrygowa\u0142a mnie kreska na mapie \u0142\u0105cz\u0105ca Be\u010dov nad Teplou i Rakovn\u00edk, id\u0105ca w poprzek innych tras, nie zahaczaj\u0105ca o \u017cadn\u0105 znacz\u0105c\u0105 miejscowo\u015b\u0107 z wyj\u0105tkiem ko\u0144cowej. 88 kilometr\u00f3w i prawie 3 godziny jazdy, a po drodze kilkunastominutowe postoje na niewielkich stacjach, spowodowane krzy\u017cowaniem albo i nie &#8211; jak ta 17-minutowa przerwa w \u017dluticach, podczas kt\u00f3rej nie wydarzy\u0142o si\u0119 zupe\u0142nie nic. Je\u015bli ju\u017c takie postoje istniej\u0105, zdarzaj\u0105 si\u0119 zazwyczaj na stacjach granicznych mi\u0119dzy wojew\u00f3dztwami i s\u0105 wynikiem odmiennej koncepcji rozk\u0142adu jazdy w ka\u017cdym z nich. St\u0105d do granicy wojew\u00f3dztw s\u0105 jednak jeszcze dwie stacje (a konkretniej samoobs\u0142ugowe dopravny d3), ale 2,5-tysi\u0119czne \u017dlutice s\u0105 z pewno\u015bci\u0105 najwi\u0119kszym miasteczkiem w okolicy, wi\u0119c \u0142amanie relacji odbywa si\u0119 w\u0142a\u015bnie tu. Motorak widoczny po lewej sta\u0142 tutaj wygaszony. 2014-03-30<\/p>\n<\/div>\n","protected":false},"excerpt":{"rendered":"<p>Zawsze intrygowa\u0142a mnie kreska na mapie \u0142\u0105cz\u0105ca Be\u010dov nad Teplou i Rakovn\u00edk, id\u0105ca w poprzek innych tras, nie zahaczaj\u0105ca o \u017cadn\u0105 znacz\u0105c\u0105 miejscowo\u015b\u0107 z wyj\u0105tkiem ko\u0144cowej. 88 kilometr\u00f3w i prawie 3 godziny jazdy, a po drodze kilkunastominutowe postoje na niewielkich stacjach, spowodowane krzy\u017cowaniem albo i nie &#8211; jak ta 17-minutowa przerwa w \u017dluticach, podczas kt\u00f3rej [&hellip;]<\/p>\n","protected":false},"author":1,"featured_media":14692,"comment_status":"open","ping_status":"","sticky":false,"template":"","format":"standard","meta":{"footnotes":""},"categories":[2,48],"tags":[2066,92,50,49,196,3488,3487],"class_list":["post-14691","post","type-post","status-publish","format-standard","has-post-thumbnail","hentry","category-kolej","category-rok-2014","tag-2014-03-30","tag-92","tag-cd","tag-czechy","tag-linie-raczej-lokalne","tag-tab-cz161","tag-zlutice"],"_links":{"self":[{"href":"https:\/\/wgphoto.pl\/t\/index.php?rest_route=\/wp\/v2\/posts\/14691","targetHints":{"allow":["GET"]}}],"collection":[{"href":"https:\/\/wgphoto.pl\/t\/index.php?rest_route=\/wp\/v2\/posts"}],"about":[{"href":"https:\/\/wgphoto.pl\/t\/index.php?rest_route=\/wp\/v2\/types\/post"}],"author":[{"embeddable":true,"href":"https:\/\/wgphoto.pl\/t\/index.php?rest_route=\/wp\/v2\/users\/1"}],"replies":[{"embeddable":true,"href":"https:\/\/wgphoto.pl\/t\/index.php?rest_route=%2Fwp%2Fv2%2Fcomments&post=14691"}],"version-history":[{"count":1,"href":"https:\/\/wgphoto.pl\/t\/index.php?rest_route=\/wp\/v2\/posts\/14691\/revisions"}],"predecessor-version":[{"id":14693,"href":"https:\/\/wgphoto.pl\/t\/index.php?rest_route=\/wp\/v2\/posts\/14691\/revisions\/14693"}],"wp:featuredmedia":[{"embeddable":true,"href":"https:\/\/wgphoto.pl\/t\/index.php?rest_route=\/wp\/v2\/media\/14692"}],"wp:attachment":[{"href":"https:\/\/wgphoto.pl\/t\/index.php?rest_route=%2Fwp%2Fv2%2Fmedia&parent=14691"}],"wp:term":[{"taxonomy":"category","embeddable":true,"href":"https:\/\/wgphoto.pl\/t\/index.php?rest_route=%2Fwp%2Fv2%2Fcategories&post=14691"},{"taxonomy":"post_tag","embeddable":true,"href":"https:\/\/wgphoto.pl\/t\/index.php?rest_route=%2Fwp%2Fv2%2Ftags&post=14691"}],"curies":[{"name":"wp","href":"https:\/\/api.w.org\/{rel}","templated":true}]}}