{"id":14697,"date":"2025-03-12T18:58:25","date_gmt":"2025-03-12T17:58:25","guid":{"rendered":"https:\/\/wgphoto.pl\/t\/?p=14697"},"modified":"2025-05-26T17:46:19","modified_gmt":"2025-05-26T15:46:19","slug":"pod-zamkiem","status":"publish","type":"post","link":"https:\/\/wgphoto.pl\/t\/?p=14697","title":{"rendered":"Pod zamkiem"},"content":{"rendered":"\n<figure class=\"wp-block-image aligncenter size-full\"><img loading=\"lazy\" decoding=\"async\" width=\"1200\" height=\"795\" src=\"https:\/\/wgphoto.pl\/t\/wp-content\/uploads\/2025\/03\/IMGP3241.jpg\" alt=\"\" class=\"wp-image-14698\" srcset=\"https:\/\/wgphoto.pl\/t\/wp-content\/uploads\/2025\/03\/IMGP3241.jpg 1200w, https:\/\/wgphoto.pl\/t\/wp-content\/uploads\/2025\/03\/IMGP3241-300x199.jpg 300w, https:\/\/wgphoto.pl\/t\/wp-content\/uploads\/2025\/03\/IMGP3241-768x509.jpg 768w\" sizes=\"auto, (max-width: 1200px) 100vw, 1200px\" \/><\/figure>\n\n\n\n<div class=\"wp-block-group has-global-padding is-layout-constrained wp-block-group-is-layout-constrained\">\n<p>813.102 jako poci\u0105g osobowy 7105 relacji Karlovy Vary doln\u00ed n\u00e1dra\u017e\u00ed &#8211; Mari\u00e1nsk\u00e9 L\u00e1zn\u011b wje\u017cd\u017ca do Be\u010dova nad Teplou. Nad okolic\u0105 g\u00f3ruje XIV-wieczny zamek. 2014-03-30<\/p>\n<\/div>\n","protected":false},"excerpt":{"rendered":"<p>813.102 jako poci\u0105g osobowy 7105 relacji Karlovy Vary doln\u00ed n\u00e1dra\u017e\u00ed &#8211; Mari\u00e1nsk\u00e9 L\u00e1zn\u011b wje\u017cd\u017ca do Be\u010dova nad Teplou. Nad okolic\u0105 g\u00f3ruje XIV-wieczny zamek. 2014-03-30<\/p>\n","protected":false},"author":1,"featured_media":14698,"comment_status":"open","ping_status":"","sticky":false,"template":"","format":"standard","meta":{"footnotes":""},"categories":[2,48],"tags":[2066,2961,3489,49,933,196,53,2962],"class_list":["post-14697","post","type-post","status-publish","format-standard","has-post-thumbnail","hentry","category-kolej","category-rok-2014","tag-2014-03-30","tag-2961","tag-becov-nad-teplou","tag-czechy","tag-gwtr","tag-linie-raczej-lokalne","tag-sygnalizacja-ksztaltowa","tag-tab-cz149"],"_links":{"self":[{"href":"https:\/\/wgphoto.pl\/t\/index.php?rest_route=\/wp\/v2\/posts\/14697","targetHints":{"allow":["GET"]}}],"collection":[{"href":"https:\/\/wgphoto.pl\/t\/index.php?rest_route=\/wp\/v2\/posts"}],"about":[{"href":"https:\/\/wgphoto.pl\/t\/index.php?rest_route=\/wp\/v2\/types\/post"}],"author":[{"embeddable":true,"href":"https:\/\/wgphoto.pl\/t\/index.php?rest_route=\/wp\/v2\/users\/1"}],"replies":[{"embeddable":true,"href":"https:\/\/wgphoto.pl\/t\/index.php?rest_route=%2Fwp%2Fv2%2Fcomments&post=14697"}],"version-history":[{"count":1,"href":"https:\/\/wgphoto.pl\/t\/index.php?rest_route=\/wp\/v2\/posts\/14697\/revisions"}],"predecessor-version":[{"id":14699,"href":"https:\/\/wgphoto.pl\/t\/index.php?rest_route=\/wp\/v2\/posts\/14697\/revisions\/14699"}],"wp:featuredmedia":[{"embeddable":true,"href":"https:\/\/wgphoto.pl\/t\/index.php?rest_route=\/wp\/v2\/media\/14698"}],"wp:attachment":[{"href":"https:\/\/wgphoto.pl\/t\/index.php?rest_route=%2Fwp%2Fv2%2Fmedia&parent=14697"}],"wp:term":[{"taxonomy":"category","embeddable":true,"href":"https:\/\/wgphoto.pl\/t\/index.php?rest_route=%2Fwp%2Fv2%2Fcategories&post=14697"},{"taxonomy":"post_tag","embeddable":true,"href":"https:\/\/wgphoto.pl\/t\/index.php?rest_route=%2Fwp%2Fv2%2Ftags&post=14697"}],"curies":[{"name":"wp","href":"https:\/\/api.w.org\/{rel}","templated":true}]}}