{"id":14706,"date":"2025-03-13T17:38:52","date_gmt":"2025-03-13T16:38:52","guid":{"rendered":"https:\/\/wgphoto.pl\/t\/?p=14706"},"modified":"2025-03-13T17:38:52","modified_gmt":"2025-03-13T16:38:52","slug":"regiotram-nad-fulda","status":"publish","type":"post","link":"https:\/\/wgphoto.pl\/t\/?p=14706","title":{"rendered":"RegioTram nad Fuld\u0105"},"content":{"rendered":"\n<figure class=\"wp-block-image aligncenter size-full\"><img loading=\"lazy\" decoding=\"async\" width=\"1200\" height=\"795\" src=\"https:\/\/wgphoto.pl\/t\/wp-content\/uploads\/2025\/03\/IMGP9732.jpg\" alt=\"\" class=\"wp-image-14707\" srcset=\"https:\/\/wgphoto.pl\/t\/wp-content\/uploads\/2025\/03\/IMGP9732.jpg 1200w, https:\/\/wgphoto.pl\/t\/wp-content\/uploads\/2025\/03\/IMGP9732-300x199.jpg 300w, https:\/\/wgphoto.pl\/t\/wp-content\/uploads\/2025\/03\/IMGP9732-768x509.jpg 768w\" sizes=\"auto, (max-width: 1200px) 100vw, 1200px\" \/><\/figure>\n\n\n\n<div class=\"wp-block-group has-global-padding is-layout-constrained wp-block-group-is-layout-constrained\">\n<p>Tramwaj regionalny linii RT5 z Melsungen do Kassel Auestadion przeje\u017cd\u017ca przez powojenne prz\u0119s\u0142o mostu nad Fuld\u0105. Siedem kamiennych filar\u00f3w nad wodami Fuldy zniszczono w czasie drugiej wojny, a most oddano do ponownego u\u017cytku dopiero w 1952 roku. 2017-03-17<\/p>\n<\/div>\n","protected":false},"excerpt":{"rendered":"<p>Tramwaj regionalny linii RT5 z Melsungen do Kassel Auestadion przeje\u017cd\u017ca przez powojenne prz\u0119s\u0142o mostu nad Fuld\u0105. Siedem kamiennych filar\u00f3w nad wodami Fuldy zniszczono w czasie drugiej wojny, a most oddano do ponownego u\u017cytku dopiero w 1952 roku. 2017-03-17<\/p>\n","protected":false},"author":1,"featured_media":14707,"comment_status":"open","ping_status":"","sticky":false,"template":"","format":"standard","meta":{"footnotes":""},"categories":[368,3],"tags":[1338,3492,1151,45,23,1004,1155,1153],"class_list":["post-14706","post","type-post","status-publish","format-standard","has-post-thumbnail","hentry","category-rok-2017","category-tramwaj","tag-2017-03-17","tag-guntershausen","tag-kassel-2017","tag-most","tag-niemcy","tag-regio-citadis","tag-regiotram-kassel","tag-tramwaj-regionalny"],"_links":{"self":[{"href":"https:\/\/wgphoto.pl\/t\/index.php?rest_route=\/wp\/v2\/posts\/14706","targetHints":{"allow":["GET"]}}],"collection":[{"href":"https:\/\/wgphoto.pl\/t\/index.php?rest_route=\/wp\/v2\/posts"}],"about":[{"href":"https:\/\/wgphoto.pl\/t\/index.php?rest_route=\/wp\/v2\/types\/post"}],"author":[{"embeddable":true,"href":"https:\/\/wgphoto.pl\/t\/index.php?rest_route=\/wp\/v2\/users\/1"}],"replies":[{"embeddable":true,"href":"https:\/\/wgphoto.pl\/t\/index.php?rest_route=%2Fwp%2Fv2%2Fcomments&post=14706"}],"version-history":[{"count":1,"href":"https:\/\/wgphoto.pl\/t\/index.php?rest_route=\/wp\/v2\/posts\/14706\/revisions"}],"predecessor-version":[{"id":14708,"href":"https:\/\/wgphoto.pl\/t\/index.php?rest_route=\/wp\/v2\/posts\/14706\/revisions\/14708"}],"wp:featuredmedia":[{"embeddable":true,"href":"https:\/\/wgphoto.pl\/t\/index.php?rest_route=\/wp\/v2\/media\/14707"}],"wp:attachment":[{"href":"https:\/\/wgphoto.pl\/t\/index.php?rest_route=%2Fwp%2Fv2%2Fmedia&parent=14706"}],"wp:term":[{"taxonomy":"category","embeddable":true,"href":"https:\/\/wgphoto.pl\/t\/index.php?rest_route=%2Fwp%2Fv2%2Fcategories&post=14706"},{"taxonomy":"post_tag","embeddable":true,"href":"https:\/\/wgphoto.pl\/t\/index.php?rest_route=%2Fwp%2Fv2%2Ftags&post=14706"}],"curies":[{"name":"wp","href":"https:\/\/api.w.org\/{rel}","templated":true}]}}