{"id":14709,"date":"2025-03-13T17:39:40","date_gmt":"2025-03-13T16:39:40","guid":{"rendered":"https:\/\/wgphoto.pl\/t\/?p=14709"},"modified":"2025-03-13T17:39:40","modified_gmt":"2025-03-13T16:39:40","slug":"traxx-nad-fulda","status":"publish","type":"post","link":"https:\/\/wgphoto.pl\/t\/?p=14709","title":{"rendered":"TRAXX nad Fuld\u0105"},"content":{"rendered":"\n<figure class=\"wp-block-image aligncenter size-full\"><img loading=\"lazy\" decoding=\"async\" width=\"1200\" height=\"795\" src=\"https:\/\/wgphoto.pl\/t\/wp-content\/uploads\/2025\/03\/IMGP9740.jpg\" alt=\"\" class=\"wp-image-14710\" srcset=\"https:\/\/wgphoto.pl\/t\/wp-content\/uploads\/2025\/03\/IMGP9740.jpg 1200w, https:\/\/wgphoto.pl\/t\/wp-content\/uploads\/2025\/03\/IMGP9740-300x199.jpg 300w, https:\/\/wgphoto.pl\/t\/wp-content\/uploads\/2025\/03\/IMGP9740-768x509.jpg 768w\" sizes=\"auto, (max-width: 1200px) 100vw, 1200px\" \/><\/figure>\n\n\n\n<div class=\"wp-block-group has-global-padding is-layout-constrained wp-block-group-is-layout-constrained\">\n<p>Najpierw tramwaj, a na odst\u0119p za nim takie brutto. Szkoda tylko \u017ce \u015bwiat\u0142o by\u0142o tego dnia totalnie niefotograficzne. Ale przynajmniej jest po co wraca\u0107. \ud83d\ude09 2017-03-17<\/p>\n<\/div>\n","protected":false},"excerpt":{"rendered":"<p>Najpierw tramwaj, a na odst\u0119p za nim takie brutto. Szkoda tylko \u017ce \u015bwiat\u0142o by\u0142o tego dnia totalnie niefotograficzne. Ale przynajmniej jest po co wraca\u0107. \ud83d\ude09 2017-03-17<\/p>\n","protected":false},"author":1,"featured_media":14710,"comment_status":"open","ping_status":"","sticky":false,"template":"","format":"standard","meta":{"footnotes":""},"categories":[2,368],"tags":[1338,206,3492,1151,45,23,2286],"class_list":["post-14709","post","type-post","status-publish","format-standard","has-post-thumbnail","hentry","category-kolej","category-rok-2017","tag-2017-03-17","tag-db","tag-guntershausen","tag-kassel-2017","tag-most","tag-niemcy","tag-traxx"],"_links":{"self":[{"href":"https:\/\/wgphoto.pl\/t\/index.php?rest_route=\/wp\/v2\/posts\/14709","targetHints":{"allow":["GET"]}}],"collection":[{"href":"https:\/\/wgphoto.pl\/t\/index.php?rest_route=\/wp\/v2\/posts"}],"about":[{"href":"https:\/\/wgphoto.pl\/t\/index.php?rest_route=\/wp\/v2\/types\/post"}],"author":[{"embeddable":true,"href":"https:\/\/wgphoto.pl\/t\/index.php?rest_route=\/wp\/v2\/users\/1"}],"replies":[{"embeddable":true,"href":"https:\/\/wgphoto.pl\/t\/index.php?rest_route=%2Fwp%2Fv2%2Fcomments&post=14709"}],"version-history":[{"count":1,"href":"https:\/\/wgphoto.pl\/t\/index.php?rest_route=\/wp\/v2\/posts\/14709\/revisions"}],"predecessor-version":[{"id":14711,"href":"https:\/\/wgphoto.pl\/t\/index.php?rest_route=\/wp\/v2\/posts\/14709\/revisions\/14711"}],"wp:featuredmedia":[{"embeddable":true,"href":"https:\/\/wgphoto.pl\/t\/index.php?rest_route=\/wp\/v2\/media\/14710"}],"wp:attachment":[{"href":"https:\/\/wgphoto.pl\/t\/index.php?rest_route=%2Fwp%2Fv2%2Fmedia&parent=14709"}],"wp:term":[{"taxonomy":"category","embeddable":true,"href":"https:\/\/wgphoto.pl\/t\/index.php?rest_route=%2Fwp%2Fv2%2Fcategories&post=14709"},{"taxonomy":"post_tag","embeddable":true,"href":"https:\/\/wgphoto.pl\/t\/index.php?rest_route=%2Fwp%2Fv2%2Ftags&post=14709"}],"curies":[{"name":"wp","href":"https:\/\/api.w.org\/{rel}","templated":true}]}}