{"id":14718,"date":"2025-03-13T17:42:37","date_gmt":"2025-03-13T16:42:37","guid":{"rendered":"https:\/\/wgphoto.pl\/t\/?p=14718"},"modified":"2025-03-13T17:43:06","modified_gmt":"2025-03-13T16:43:06","slug":"bez-pradu-3","status":"publish","type":"post","link":"https:\/\/wgphoto.pl\/t\/?p=14718","title":{"rendered":"Bez pr\u0105du"},"content":{"rendered":"\n<figure class=\"wp-block-image aligncenter size-full\"><img loading=\"lazy\" decoding=\"async\" width=\"1200\" height=\"797\" src=\"https:\/\/wgphoto.pl\/t\/wp-content\/uploads\/2025\/03\/IMGP9889.jpg\" alt=\"\" class=\"wp-image-14719\" srcset=\"https:\/\/wgphoto.pl\/t\/wp-content\/uploads\/2025\/03\/IMGP9889.jpg 1200w, https:\/\/wgphoto.pl\/t\/wp-content\/uploads\/2025\/03\/IMGP9889-300x199.jpg 300w, https:\/\/wgphoto.pl\/t\/wp-content\/uploads\/2025\/03\/IMGP9889-768x510.jpg 768w\" sizes=\"auto, (max-width: 1200px) 100vw, 1200px\" \/><\/figure>\n\n\n\n<div class=\"wp-block-group has-global-padding is-layout-constrained wp-block-group-is-layout-constrained\">\n<p>Linie tramwaju regionalnego obs\u0142uguje 18 dwusystemowych pojazd\u00f3w przystosowanych do jazdy pod napi\u0119ciem 600V DC i 15kV AC oraz 10 tramwaj\u00f3w wyposa\u017conych w agregat spalinowy zasilaj\u0105cy silniki trakcyjne. Druga grupa wagon\u00f3w dedykowana jest do obs\u0142ugi linii RT4 do Wolfhagen, korzystaj\u0105cej &#8211; w odr\u00f3\u017cnieniu od linii RT1 i RT5 je\u017cd\u017c\u0105cych g\u0142\u00f3wnymi liniami kolejowymi &#8211; z infrastruktury ca\u0142kiem klimatycznej lokalki. 2017-03-17<\/p>\n<\/div>\n","protected":false},"excerpt":{"rendered":"<p>Linie tramwaju regionalnego obs\u0142uguje 18 dwusystemowych pojazd\u00f3w przystosowanych do jazdy pod napi\u0119ciem 600V DC i 15kV AC oraz 10 tramwaj\u00f3w wyposa\u017conych w agregat spalinowy zasilaj\u0105cy silniki trakcyjne. Druga grupa wagon\u00f3w dedykowana jest do obs\u0142ugi linii RT4 do Wolfhagen, korzystaj\u0105cej &#8211; w odr\u00f3\u017cnieniu od linii RT1 i RT5 je\u017cd\u017c\u0105cych g\u0142\u00f3wnymi liniami kolejowymi &#8211; z infrastruktury ca\u0142kiem [&hellip;]<\/p>\n","protected":false},"author":1,"featured_media":14719,"comment_status":"open","ping_status":"","sticky":false,"template":"","format":"standard","meta":{"footnotes":""},"categories":[368,3],"tags":[1338,1986,1151,173,1775,23,1004,1155,1153],"class_list":["post-14718","post","type-post","status-publish","format-standard","has-post-thumbnail","hentry","category-rok-2017","category-tramwaj","tag-2017-03-17","tag-bez-sieci","tag-kassel-2017","tag-koncowki","tag-na-wysiadanego","tag-niemcy","tag-regio-citadis","tag-regiotram-kassel","tag-tramwaj-regionalny"],"_links":{"self":[{"href":"https:\/\/wgphoto.pl\/t\/index.php?rest_route=\/wp\/v2\/posts\/14718","targetHints":{"allow":["GET"]}}],"collection":[{"href":"https:\/\/wgphoto.pl\/t\/index.php?rest_route=\/wp\/v2\/posts"}],"about":[{"href":"https:\/\/wgphoto.pl\/t\/index.php?rest_route=\/wp\/v2\/types\/post"}],"author":[{"embeddable":true,"href":"https:\/\/wgphoto.pl\/t\/index.php?rest_route=\/wp\/v2\/users\/1"}],"replies":[{"embeddable":true,"href":"https:\/\/wgphoto.pl\/t\/index.php?rest_route=%2Fwp%2Fv2%2Fcomments&post=14718"}],"version-history":[{"count":1,"href":"https:\/\/wgphoto.pl\/t\/index.php?rest_route=\/wp\/v2\/posts\/14718\/revisions"}],"predecessor-version":[{"id":14720,"href":"https:\/\/wgphoto.pl\/t\/index.php?rest_route=\/wp\/v2\/posts\/14718\/revisions\/14720"}],"wp:featuredmedia":[{"embeddable":true,"href":"https:\/\/wgphoto.pl\/t\/index.php?rest_route=\/wp\/v2\/media\/14719"}],"wp:attachment":[{"href":"https:\/\/wgphoto.pl\/t\/index.php?rest_route=%2Fwp%2Fv2%2Fmedia&parent=14718"}],"wp:term":[{"taxonomy":"category","embeddable":true,"href":"https:\/\/wgphoto.pl\/t\/index.php?rest_route=%2Fwp%2Fv2%2Fcategories&post=14718"},{"taxonomy":"post_tag","embeddable":true,"href":"https:\/\/wgphoto.pl\/t\/index.php?rest_route=%2Fwp%2Fv2%2Ftags&post=14718"}],"curies":[{"name":"wp","href":"https:\/\/api.w.org\/{rel}","templated":true}]}}