{"id":14721,"date":"2025-03-13T17:44:11","date_gmt":"2025-03-13T16:44:11","guid":{"rendered":"https:\/\/wgphoto.pl\/t\/?p=14721"},"modified":"2025-03-13T17:44:11","modified_gmt":"2025-03-13T16:44:11","slug":"zatrzymany","status":"publish","type":"post","link":"https:\/\/wgphoto.pl\/t\/?p=14721","title":{"rendered":"Zatrzymany"},"content":{"rendered":"\n<figure class=\"wp-block-image aligncenter size-full\"><img loading=\"lazy\" decoding=\"async\" width=\"1200\" height=\"795\" src=\"https:\/\/wgphoto.pl\/t\/wp-content\/uploads\/2025\/03\/IMGP9945.jpg\" alt=\"\" class=\"wp-image-14722\" srcset=\"https:\/\/wgphoto.pl\/t\/wp-content\/uploads\/2025\/03\/IMGP9945.jpg 1200w, https:\/\/wgphoto.pl\/t\/wp-content\/uploads\/2025\/03\/IMGP9945-300x199.jpg 300w, https:\/\/wgphoto.pl\/t\/wp-content\/uploads\/2025\/03\/IMGP9945-768x509.jpg 768w\" sizes=\"auto, (max-width: 1200px) 100vw, 1200px\" \/><\/figure>\n\n\n\n<div class=\"wp-block-group has-global-padding is-layout-constrained wp-block-group-is-layout-constrained\">\n<p>Tramwaj regionalny, obs\u0142uguj\u0105cy kurs skr\u00f3cony do Zierenbergu, rusza z przystanku Calden-F\u00fcrstenwald mijaj\u0105c miejscowy budynek stacyjny, kt\u00f3ry otrzyma\u0142 drug\u0105 m\u0142odo\u015b\u0107. G\u00f3ra jest zamieszkana, a na dole mie\u015bci si\u0119 knajpa &#8211; zamkni\u0119ta tego roboczego popo\u0142udnia. Dopiero na zdj\u0119ciu zauwa\u017cy\u0142em, \u017ce motorniczy zas\u0142oni\u0142 si\u0119 rolet\u0105. 2017-03-17<\/p>\n<\/div>\n","protected":false},"excerpt":{"rendered":"<p>Tramwaj regionalny, obs\u0142uguj\u0105cy kurs skr\u00f3cony do Zierenbergu, rusza z przystanku Calden-F\u00fcrstenwald mijaj\u0105c miejscowy budynek stacyjny, kt\u00f3ry otrzyma\u0142 drug\u0105 m\u0142odo\u015b\u0107. G\u00f3ra jest zamieszkana, a na dole mie\u015bci si\u0119 knajpa &#8211; zamkni\u0119ta tego roboczego popo\u0142udnia. Dopiero na zdj\u0119ciu zauwa\u017cy\u0142em, \u017ce motorniczy zas\u0142oni\u0142 si\u0119 rolet\u0105. 2017-03-17<\/p>\n","protected":false},"author":1,"featured_media":14722,"comment_status":"open","ping_status":"","sticky":false,"template":"","format":"standard","meta":{"footnotes":""},"categories":[368,3],"tags":[1338,1986,3493,1151,23,1004,1155,1153],"class_list":["post-14721","post","type-post","status-publish","format-standard","has-post-thumbnail","hentry","category-rok-2017","category-tramwaj","tag-2017-03-17","tag-bez-sieci","tag-calden-furstenwald","tag-kassel-2017","tag-niemcy","tag-regio-citadis","tag-regiotram-kassel","tag-tramwaj-regionalny"],"_links":{"self":[{"href":"https:\/\/wgphoto.pl\/t\/index.php?rest_route=\/wp\/v2\/posts\/14721","targetHints":{"allow":["GET"]}}],"collection":[{"href":"https:\/\/wgphoto.pl\/t\/index.php?rest_route=\/wp\/v2\/posts"}],"about":[{"href":"https:\/\/wgphoto.pl\/t\/index.php?rest_route=\/wp\/v2\/types\/post"}],"author":[{"embeddable":true,"href":"https:\/\/wgphoto.pl\/t\/index.php?rest_route=\/wp\/v2\/users\/1"}],"replies":[{"embeddable":true,"href":"https:\/\/wgphoto.pl\/t\/index.php?rest_route=%2Fwp%2Fv2%2Fcomments&post=14721"}],"version-history":[{"count":1,"href":"https:\/\/wgphoto.pl\/t\/index.php?rest_route=\/wp\/v2\/posts\/14721\/revisions"}],"predecessor-version":[{"id":14723,"href":"https:\/\/wgphoto.pl\/t\/index.php?rest_route=\/wp\/v2\/posts\/14721\/revisions\/14723"}],"wp:featuredmedia":[{"embeddable":true,"href":"https:\/\/wgphoto.pl\/t\/index.php?rest_route=\/wp\/v2\/media\/14722"}],"wp:attachment":[{"href":"https:\/\/wgphoto.pl\/t\/index.php?rest_route=%2Fwp%2Fv2%2Fmedia&parent=14721"}],"wp:term":[{"taxonomy":"category","embeddable":true,"href":"https:\/\/wgphoto.pl\/t\/index.php?rest_route=%2Fwp%2Fv2%2Fcategories&post=14721"},{"taxonomy":"post_tag","embeddable":true,"href":"https:\/\/wgphoto.pl\/t\/index.php?rest_route=%2Fwp%2Fv2%2Ftags&post=14721"}],"curies":[{"name":"wp","href":"https:\/\/api.w.org\/{rel}","templated":true}]}}