{"id":14724,"date":"2025-03-13T17:45:02","date_gmt":"2025-03-13T16:45:02","guid":{"rendered":"https:\/\/wgphoto.pl\/t\/?p=14724"},"modified":"2025-03-13T17:45:02","modified_gmt":"2025-03-13T16:45:02","slug":"na-biegu","status":"publish","type":"post","link":"https:\/\/wgphoto.pl\/t\/?p=14724","title":{"rendered":"Na biegu"},"content":{"rendered":"\n<figure class=\"wp-block-image aligncenter size-full\"><img loading=\"lazy\" decoding=\"async\" width=\"1200\" height=\"795\" src=\"https:\/\/wgphoto.pl\/t\/wp-content\/uploads\/2025\/03\/IMGP9957.jpg\" alt=\"\" class=\"wp-image-14725\" srcset=\"https:\/\/wgphoto.pl\/t\/wp-content\/uploads\/2025\/03\/IMGP9957.jpg 1200w, https:\/\/wgphoto.pl\/t\/wp-content\/uploads\/2025\/03\/IMGP9957-300x199.jpg 300w, https:\/\/wgphoto.pl\/t\/wp-content\/uploads\/2025\/03\/IMGP9957-768x509.jpg 768w\" sizes=\"auto, (max-width: 1200px) 100vw, 1200px\" \/><\/figure>\n\n\n\n<div class=\"wp-block-group has-global-padding is-layout-constrained wp-block-group-is-layout-constrained\">\n<p>Spalinowa jednostka Stadlera, obs\u0142uguj\u0105ca poci\u0105g 23026 relacji Korbach &#8211; Kassel-Wilhelmsh\u00f6he, mija bez zatrzymania przystanek Calden-F\u00fcrstenwald. Na odcinku pokrywaj\u0105cym si\u0119 z lini\u0105 tramwaju regionalnego, tj. od Wolfhagen do Kassel, takie kr\u00f3tkie plastiki kursuj\u0105 jako poci\u0105gi przyspieszone (kategoria RE) i jad\u0105 na odst\u0119p przed lub za tramwajem (odpowiednio w kierunku do i z Kassel). Uk\u0142ad mijanek zdaje si\u0119 by\u0107 zaprojektowanym dok\u0142adnie pod stosowany obecnie rozk\u0142ad jazdy, co w przypadku Niemiec zupe\u0142nie mnie nie dziwi. 2017-03-17<\/p>\n<\/div>\n","protected":false},"excerpt":{"rendered":"<p>Spalinowa jednostka Stadlera, obs\u0142uguj\u0105ca poci\u0105g 23026 relacji Korbach &#8211; Kassel-Wilhelmsh\u00f6he, mija bez zatrzymania przystanek Calden-F\u00fcrstenwald. Na odcinku pokrywaj\u0105cym si\u0119 z lini\u0105 tramwaju regionalnego, tj. od Wolfhagen do Kassel, takie kr\u00f3tkie plastiki kursuj\u0105 jako poci\u0105gi przyspieszone (kategoria RE) i jad\u0105 na odst\u0119p przed lub za tramwajem (odpowiednio w kierunku do i z Kassel). Uk\u0142ad mijanek zdaje [&hellip;]<\/p>\n","protected":false},"author":1,"featured_media":14725,"comment_status":"open","ping_status":"","sticky":false,"template":"","format":"standard","meta":{"footnotes":""},"categories":[2,368],"tags":[1338,3494,3493,206,1151,23,3024],"class_list":["post-14724","post","type-post","status-publish","format-standard","has-post-thumbnail","hentry","category-kolej","category-rok-2017","tag-2017-03-17","tag-3494","tag-calden-furstenwald","tag-db","tag-kassel-2017","tag-niemcy","tag-stadler-gtw"],"_links":{"self":[{"href":"https:\/\/wgphoto.pl\/t\/index.php?rest_route=\/wp\/v2\/posts\/14724","targetHints":{"allow":["GET"]}}],"collection":[{"href":"https:\/\/wgphoto.pl\/t\/index.php?rest_route=\/wp\/v2\/posts"}],"about":[{"href":"https:\/\/wgphoto.pl\/t\/index.php?rest_route=\/wp\/v2\/types\/post"}],"author":[{"embeddable":true,"href":"https:\/\/wgphoto.pl\/t\/index.php?rest_route=\/wp\/v2\/users\/1"}],"replies":[{"embeddable":true,"href":"https:\/\/wgphoto.pl\/t\/index.php?rest_route=%2Fwp%2Fv2%2Fcomments&post=14724"}],"version-history":[{"count":1,"href":"https:\/\/wgphoto.pl\/t\/index.php?rest_route=\/wp\/v2\/posts\/14724\/revisions"}],"predecessor-version":[{"id":14726,"href":"https:\/\/wgphoto.pl\/t\/index.php?rest_route=\/wp\/v2\/posts\/14724\/revisions\/14726"}],"wp:featuredmedia":[{"embeddable":true,"href":"https:\/\/wgphoto.pl\/t\/index.php?rest_route=\/wp\/v2\/media\/14725"}],"wp:attachment":[{"href":"https:\/\/wgphoto.pl\/t\/index.php?rest_route=%2Fwp%2Fv2%2Fmedia&parent=14724"}],"wp:term":[{"taxonomy":"category","embeddable":true,"href":"https:\/\/wgphoto.pl\/t\/index.php?rest_route=%2Fwp%2Fv2%2Fcategories&post=14724"},{"taxonomy":"post_tag","embeddable":true,"href":"https:\/\/wgphoto.pl\/t\/index.php?rest_route=%2Fwp%2Fv2%2Ftags&post=14724"}],"curies":[{"name":"wp","href":"https:\/\/api.w.org\/{rel}","templated":true}]}}