{"id":14733,"date":"2025-03-13T17:48:19","date_gmt":"2025-03-13T16:48:19","guid":{"rendered":"https:\/\/wgphoto.pl\/t\/?p=14733"},"modified":"2025-03-13T17:48:19","modified_gmt":"2025-03-13T16:48:19","slug":"koraliki","status":"publish","type":"post","link":"https:\/\/wgphoto.pl\/t\/?p=14733","title":{"rendered":"Koraliki"},"content":{"rendered":"\n<figure class=\"wp-block-image aligncenter size-full\"><img loading=\"lazy\" decoding=\"async\" width=\"1200\" height=\"795\" src=\"https:\/\/wgphoto.pl\/t\/wp-content\/uploads\/2025\/03\/IMGP9961.jpg\" alt=\"\" class=\"wp-image-14734\" srcset=\"https:\/\/wgphoto.pl\/t\/wp-content\/uploads\/2025\/03\/IMGP9961.jpg 1200w, https:\/\/wgphoto.pl\/t\/wp-content\/uploads\/2025\/03\/IMGP9961-300x199.jpg 300w, https:\/\/wgphoto.pl\/t\/wp-content\/uploads\/2025\/03\/IMGP9961-768x509.jpg 768w\" sizes=\"auto, (max-width: 1200px) 100vw, 1200px\" \/><\/figure>\n\n\n\n<div class=\"wp-block-group has-global-padding is-layout-constrained wp-block-group-is-layout-constrained\">\n<p>Schemat linii RegioTram z wy\u015bwietlon\u0105 aktualn\u0105 tras\u0105. Przystanki czerwone ju\u017c zosta\u0142y obs\u0142u\u017cone, zielone czekaj\u0105 na swoj\u0105 kolej, a najbli\u017cszy przystanek (tutaj niepod\u015bwietlony) miga na \u017c\u00f3\u0142to. Jest w Niemczech kilku przewo\u017anik\u00f3w, kt\u00f3rzy lubuj\u0105 si\u0119 w takich rozwi\u0105zaniach (m.in. KVG Kassel czy HAWAG Halle). 2017-03-17<\/p>\n<\/div>\n","protected":false},"excerpt":{"rendered":"<p>Schemat linii RegioTram z wy\u015bwietlon\u0105 aktualn\u0105 tras\u0105. Przystanki czerwone ju\u017c zosta\u0142y obs\u0142u\u017cone, zielone czekaj\u0105 na swoj\u0105 kolej, a najbli\u017cszy przystanek (tutaj niepod\u015bwietlony) miga na \u017c\u00f3\u0142to. Jest w Niemczech kilku przewo\u017anik\u00f3w, kt\u00f3rzy lubuj\u0105 si\u0119 w takich rozwi\u0105zaniach (m.in. KVG Kassel czy HAWAG Halle). 2017-03-17<\/p>\n","protected":false},"author":1,"featured_media":14734,"comment_status":"open","ping_status":"","sticky":false,"template":"","format":"standard","meta":{"footnotes":""},"categories":[220,368,3],"tags":[1338,1336,1151,23,1004,1155,1153,454],"class_list":["post-14733","post","type-post","status-publish","format-standard","has-post-thumbnail","hentry","category-blo","category-rok-2017","category-tramwaj","tag-2017-03-17","tag-kassel","tag-kassel-2017","tag-niemcy","tag-regio-citadis","tag-regiotram-kassel","tag-tramwaj-regionalny","tag-wnetrza-pojazdow"],"_links":{"self":[{"href":"https:\/\/wgphoto.pl\/t\/index.php?rest_route=\/wp\/v2\/posts\/14733","targetHints":{"allow":["GET"]}}],"collection":[{"href":"https:\/\/wgphoto.pl\/t\/index.php?rest_route=\/wp\/v2\/posts"}],"about":[{"href":"https:\/\/wgphoto.pl\/t\/index.php?rest_route=\/wp\/v2\/types\/post"}],"author":[{"embeddable":true,"href":"https:\/\/wgphoto.pl\/t\/index.php?rest_route=\/wp\/v2\/users\/1"}],"replies":[{"embeddable":true,"href":"https:\/\/wgphoto.pl\/t\/index.php?rest_route=%2Fwp%2Fv2%2Fcomments&post=14733"}],"version-history":[{"count":1,"href":"https:\/\/wgphoto.pl\/t\/index.php?rest_route=\/wp\/v2\/posts\/14733\/revisions"}],"predecessor-version":[{"id":14735,"href":"https:\/\/wgphoto.pl\/t\/index.php?rest_route=\/wp\/v2\/posts\/14733\/revisions\/14735"}],"wp:featuredmedia":[{"embeddable":true,"href":"https:\/\/wgphoto.pl\/t\/index.php?rest_route=\/wp\/v2\/media\/14734"}],"wp:attachment":[{"href":"https:\/\/wgphoto.pl\/t\/index.php?rest_route=%2Fwp%2Fv2%2Fmedia&parent=14733"}],"wp:term":[{"taxonomy":"category","embeddable":true,"href":"https:\/\/wgphoto.pl\/t\/index.php?rest_route=%2Fwp%2Fv2%2Fcategories&post=14733"},{"taxonomy":"post_tag","embeddable":true,"href":"https:\/\/wgphoto.pl\/t\/index.php?rest_route=%2Fwp%2Fv2%2Ftags&post=14733"}],"curies":[{"name":"wp","href":"https:\/\/api.w.org\/{rel}","templated":true}]}}