{"id":14742,"date":"2025-03-13T17:51:13","date_gmt":"2025-03-13T16:51:13","guid":{"rendered":"https:\/\/wgphoto.pl\/t\/?p=14742"},"modified":"2025-03-13T17:51:13","modified_gmt":"2025-03-13T16:51:13","slug":"regiotram-na-deptaku","status":"publish","type":"post","link":"https:\/\/wgphoto.pl\/t\/?p=14742","title":{"rendered":"RegioTram na deptaku"},"content":{"rendered":"\n<figure class=\"wp-block-image aligncenter size-full\"><img loading=\"lazy\" decoding=\"async\" width=\"1200\" height=\"795\" src=\"https:\/\/wgphoto.pl\/t\/wp-content\/uploads\/2025\/03\/IMGP9848.jpg\" alt=\"\" class=\"wp-image-14743\" srcset=\"https:\/\/wgphoto.pl\/t\/wp-content\/uploads\/2025\/03\/IMGP9848.jpg 1200w, https:\/\/wgphoto.pl\/t\/wp-content\/uploads\/2025\/03\/IMGP9848-300x199.jpg 300w, https:\/\/wgphoto.pl\/t\/wp-content\/uploads\/2025\/03\/IMGP9848-768x509.jpg 768w\" sizes=\"auto, (max-width: 1200px) 100vw, 1200px\" \/><\/figure>\n\n\n\n<div class=\"wp-block-group has-global-padding is-layout-constrained wp-block-group-is-layout-constrained\">\n<p>Wrzucam to foto tylko po to aby pokaza\u0107, \u017ce regionalne tramwaje, kt\u00f3re ogl\u0105dali\u015bmy dotychczas w typowo kolejowych krajobrazach, potrafi\u0105 przeistoczy\u0107 si\u0119 w najzwyklejszy tramwaj, jad\u0105cy powoli w\u015br\u00f3d pieszych po deptaku. 2017-03-17<\/p>\n<\/div>\n","protected":false},"excerpt":{"rendered":"<p>Wrzucam to foto tylko po to aby pokaza\u0107, \u017ce regionalne tramwaje, kt\u00f3re ogl\u0105dali\u015bmy dotychczas w typowo kolejowych krajobrazach, potrafi\u0105 przeistoczy\u0107 si\u0119 w najzwyklejszy tramwaj, jad\u0105cy powoli w\u015br\u00f3d pieszych po deptaku. 2017-03-17<\/p>\n","protected":false},"author":1,"featured_media":14743,"comment_status":"open","ping_status":"","sticky":false,"template":"","format":"standard","meta":{"footnotes":""},"categories":[368,3],"tags":[1338,239,1336,1151,23,1004,1155,1153],"class_list":["post-14742","post","type-post","status-publish","format-standard","has-post-thumbnail","hentry","category-rok-2017","category-tramwaj","tag-2017-03-17","tag-deptak","tag-kassel","tag-kassel-2017","tag-niemcy","tag-regio-citadis","tag-regiotram-kassel","tag-tramwaj-regionalny"],"_links":{"self":[{"href":"https:\/\/wgphoto.pl\/t\/index.php?rest_route=\/wp\/v2\/posts\/14742","targetHints":{"allow":["GET"]}}],"collection":[{"href":"https:\/\/wgphoto.pl\/t\/index.php?rest_route=\/wp\/v2\/posts"}],"about":[{"href":"https:\/\/wgphoto.pl\/t\/index.php?rest_route=\/wp\/v2\/types\/post"}],"author":[{"embeddable":true,"href":"https:\/\/wgphoto.pl\/t\/index.php?rest_route=\/wp\/v2\/users\/1"}],"replies":[{"embeddable":true,"href":"https:\/\/wgphoto.pl\/t\/index.php?rest_route=%2Fwp%2Fv2%2Fcomments&post=14742"}],"version-history":[{"count":1,"href":"https:\/\/wgphoto.pl\/t\/index.php?rest_route=\/wp\/v2\/posts\/14742\/revisions"}],"predecessor-version":[{"id":14744,"href":"https:\/\/wgphoto.pl\/t\/index.php?rest_route=\/wp\/v2\/posts\/14742\/revisions\/14744"}],"wp:featuredmedia":[{"embeddable":true,"href":"https:\/\/wgphoto.pl\/t\/index.php?rest_route=\/wp\/v2\/media\/14743"}],"wp:attachment":[{"href":"https:\/\/wgphoto.pl\/t\/index.php?rest_route=%2Fwp%2Fv2%2Fmedia&parent=14742"}],"wp:term":[{"taxonomy":"category","embeddable":true,"href":"https:\/\/wgphoto.pl\/t\/index.php?rest_route=%2Fwp%2Fv2%2Fcategories&post=14742"},{"taxonomy":"post_tag","embeddable":true,"href":"https:\/\/wgphoto.pl\/t\/index.php?rest_route=%2Fwp%2Fv2%2Ftags&post=14742"}],"curies":[{"name":"wp","href":"https:\/\/api.w.org\/{rel}","templated":true}]}}