{"id":14778,"date":"2025-03-14T21:36:11","date_gmt":"2025-03-14T20:36:11","guid":{"rendered":"https:\/\/wgphoto.pl\/t\/?p=14778"},"modified":"2025-03-14T21:36:11","modified_gmt":"2025-03-14T20:36:11","slug":"majowka","status":"publish","type":"post","link":"https:\/\/wgphoto.pl\/t\/?p=14778","title":{"rendered":"Maj\u00f3wka"},"content":{"rendered":"\n<figure class=\"wp-block-image aligncenter size-full\"><img loading=\"lazy\" decoding=\"async\" width=\"1024\" height=\"685\" src=\"https:\/\/wgphoto.pl\/t\/wp-content\/uploads\/2025\/03\/imgp5591-09.jpg\" alt=\"\" class=\"wp-image-14779\" srcset=\"https:\/\/wgphoto.pl\/t\/wp-content\/uploads\/2025\/03\/imgp5591-09.jpg 1024w, https:\/\/wgphoto.pl\/t\/wp-content\/uploads\/2025\/03\/imgp5591-09-300x201.jpg 300w, https:\/\/wgphoto.pl\/t\/wp-content\/uploads\/2025\/03\/imgp5591-09-768x514.jpg 768w\" sizes=\"auto, (max-width: 1024px) 100vw, 1024px\" \/><\/figure>\n\n\n\n<div class=\"wp-block-group has-global-padding is-layout-constrained wp-block-group-is-layout-constrained\">\n<p>Szlak Zi\u0119bice &#8211; Starcz\u00f3w. EU07-151 prowadzi poci\u0105g osobowy 6625 &#8222;Szklarka&#8221; relacji (Pozna\u0144 G\u0142.) &#8211; Wroc\u0142aw G\u0142. &#8211; Kudowa-Zdr\u00f3j (wagony bezpo\u015brednie od poci\u0105gu do Szklarskiej Por\u0119by, st\u0105d te\u017c nieadekwatna nazwa). 01.05.2009<\/p>\n<\/div>\n","protected":false},"excerpt":{"rendered":"<p>Szlak Zi\u0119bice &#8211; Starcz\u00f3w. EU07-151 prowadzi poci\u0105g osobowy 6625 &#8222;Szklarka&#8221; relacji (Pozna\u0144 G\u0142.) &#8211; Wroc\u0142aw G\u0142. &#8211; Kudowa-Zdr\u00f3j (wagony bezpo\u015brednie od poci\u0105gu do Szklarskiej Por\u0119by, st\u0105d te\u017c nieadekwatna nazwa). 01.05.2009<\/p>\n","protected":false},"author":1,"featured_media":14779,"comment_status":"open","ping_status":"","sticky":false,"template":"","format":"standard","meta":{"footnotes":""},"categories":[2,169],"tags":[648,122,63,27,653,383,294,654],"class_list":["post-14778","post","type-post","status-publish","format-standard","has-post-thumbnail","hentry","category-kolej","category-rok-2009","tag-2009-05-01","tag-eu07","tag-pkp","tag-polska","tag-starczow","tag-tab-pl230","tag-wiosna","tag-ziebice"],"_links":{"self":[{"href":"https:\/\/wgphoto.pl\/t\/index.php?rest_route=\/wp\/v2\/posts\/14778","targetHints":{"allow":["GET"]}}],"collection":[{"href":"https:\/\/wgphoto.pl\/t\/index.php?rest_route=\/wp\/v2\/posts"}],"about":[{"href":"https:\/\/wgphoto.pl\/t\/index.php?rest_route=\/wp\/v2\/types\/post"}],"author":[{"embeddable":true,"href":"https:\/\/wgphoto.pl\/t\/index.php?rest_route=\/wp\/v2\/users\/1"}],"replies":[{"embeddable":true,"href":"https:\/\/wgphoto.pl\/t\/index.php?rest_route=%2Fwp%2Fv2%2Fcomments&post=14778"}],"version-history":[{"count":1,"href":"https:\/\/wgphoto.pl\/t\/index.php?rest_route=\/wp\/v2\/posts\/14778\/revisions"}],"predecessor-version":[{"id":14780,"href":"https:\/\/wgphoto.pl\/t\/index.php?rest_route=\/wp\/v2\/posts\/14778\/revisions\/14780"}],"wp:featuredmedia":[{"embeddable":true,"href":"https:\/\/wgphoto.pl\/t\/index.php?rest_route=\/wp\/v2\/media\/14779"}],"wp:attachment":[{"href":"https:\/\/wgphoto.pl\/t\/index.php?rest_route=%2Fwp%2Fv2%2Fmedia&parent=14778"}],"wp:term":[{"taxonomy":"category","embeddable":true,"href":"https:\/\/wgphoto.pl\/t\/index.php?rest_route=%2Fwp%2Fv2%2Fcategories&post=14778"},{"taxonomy":"post_tag","embeddable":true,"href":"https:\/\/wgphoto.pl\/t\/index.php?rest_route=%2Fwp%2Fv2%2Ftags&post=14778"}],"curies":[{"name":"wp","href":"https:\/\/api.w.org\/{rel}","templated":true}]}}