{"id":14808,"date":"2025-03-14T21:44:46","date_gmt":"2025-03-14T20:44:46","guid":{"rendered":"https:\/\/wgphoto.pl\/t\/?p=14808"},"modified":"2025-03-14T21:44:46","modified_gmt":"2025-03-14T20:44:46","slug":"102na-2058-2","status":"publish","type":"post","link":"https:\/\/wgphoto.pl\/t\/?p=14808","title":{"rendered":"102Na 2058"},"content":{"rendered":"\n<figure class=\"wp-block-image aligncenter size-full\"><img loading=\"lazy\" decoding=\"async\" width=\"900\" height=\"600\" src=\"https:\/\/wgphoto.pl\/t\/wp-content\/uploads\/2025\/03\/dscf5668.jpg\" alt=\"\" class=\"wp-image-14809\" srcset=\"https:\/\/wgphoto.pl\/t\/wp-content\/uploads\/2025\/03\/dscf5668.jpg 900w, https:\/\/wgphoto.pl\/t\/wp-content\/uploads\/2025\/03\/dscf5668-300x200.jpg 300w, https:\/\/wgphoto.pl\/t\/wp-content\/uploads\/2025\/03\/dscf5668-768x512.jpg 768w\" sizes=\"auto, (max-width: 900px) 100vw, 900px\" \/><\/figure>\n\n\n\n<div class=\"wp-block-group has-global-padding is-layout-constrained wp-block-group-is-layout-constrained\">\n<p>W\u00f3z 2058 wyjecha\u0142 w\u0142a\u015bnie z zajezdni Borek by rozpocz\u0105\u0107 kilkunastominutowy kurs linii 77 na Klecin\u0119. Przerwa w ruchu tramwaj\u00f3w w kierunku centrum by\u0142a spowodowana, zdaje si\u0119, pracami w torowisku na cz\u0119\u015bci skrzy\u017cowania ul. Powsta\u0144c\u00f3w \u015al. z al. Hallera. 26.11.2007<\/p>\n<\/div>\n","protected":false},"excerpt":{"rendered":"<p>W\u00f3z 2058 wyjecha\u0142 w\u0142a\u015bnie z zajezdni Borek by rozpocz\u0105\u0107 kilkunastominutowy kurs linii 77 na Klecin\u0119. Przerwa w ruchu tramwaj\u00f3w w kierunku centrum by\u0142a spowodowana, zdaje si\u0119, pracami w torowisku na cz\u0119\u015bci skrzy\u017cowania ul. Powsta\u0144c\u00f3w \u015al. z al. Hallera. 26.11.2007<\/p>\n","protected":false},"author":1,"featured_media":14809,"comment_status":"open","ping_status":"","sticky":false,"template":"","format":"standard","meta":{"footnotes":""},"categories":[96,3],"tags":[3507,309,42,27,41],"class_list":["post-14808","post","type-post","status-publish","format-standard","has-post-thumbnail","hentry","category-rok-2007","category-tramwaj","tag-2007-11-26","tag-konstal-102na","tag-mpk-wroclaw","tag-polska","tag-wroclaw"],"_links":{"self":[{"href":"https:\/\/wgphoto.pl\/t\/index.php?rest_route=\/wp\/v2\/posts\/14808","targetHints":{"allow":["GET"]}}],"collection":[{"href":"https:\/\/wgphoto.pl\/t\/index.php?rest_route=\/wp\/v2\/posts"}],"about":[{"href":"https:\/\/wgphoto.pl\/t\/index.php?rest_route=\/wp\/v2\/types\/post"}],"author":[{"embeddable":true,"href":"https:\/\/wgphoto.pl\/t\/index.php?rest_route=\/wp\/v2\/users\/1"}],"replies":[{"embeddable":true,"href":"https:\/\/wgphoto.pl\/t\/index.php?rest_route=%2Fwp%2Fv2%2Fcomments&post=14808"}],"version-history":[{"count":1,"href":"https:\/\/wgphoto.pl\/t\/index.php?rest_route=\/wp\/v2\/posts\/14808\/revisions"}],"predecessor-version":[{"id":14810,"href":"https:\/\/wgphoto.pl\/t\/index.php?rest_route=\/wp\/v2\/posts\/14808\/revisions\/14810"}],"wp:featuredmedia":[{"embeddable":true,"href":"https:\/\/wgphoto.pl\/t\/index.php?rest_route=\/wp\/v2\/media\/14809"}],"wp:attachment":[{"href":"https:\/\/wgphoto.pl\/t\/index.php?rest_route=%2Fwp%2Fv2%2Fmedia&parent=14808"}],"wp:term":[{"taxonomy":"category","embeddable":true,"href":"https:\/\/wgphoto.pl\/t\/index.php?rest_route=%2Fwp%2Fv2%2Fcategories&post=14808"},{"taxonomy":"post_tag","embeddable":true,"href":"https:\/\/wgphoto.pl\/t\/index.php?rest_route=%2Fwp%2Fv2%2Ftags&post=14808"}],"curies":[{"name":"wp","href":"https:\/\/api.w.org\/{rel}","templated":true}]}}